{"id":5290,"date":"2020-06-26T03:05:00","date_gmt":"2020-06-26T06:05:00","guid":{"rendered":"http:\/\/conurbanodiario.com.ar\/?p=5290"},"modified":"2020-06-25T12:03:21","modified_gmt":"2020-06-25T15:03:21","slug":"interventor-de-enargas-denuncio-a-aranguren-por-el-aumento-de-tarifas-de-gas-en-2018","status":"publish","type":"post","link":"https:\/\/conurbanodiario.com.ar\/?p=5290","title":{"rendered":"INTERVENTOR DE ENARGAS DENUNCI\u00d3 A ARANGUREN POR EL AUMENTO DE TARIFAS DE GAS EN 2018"},"content":{"rendered":"\n<p>El interventor del Ente Nacional Regulador del Gas (Enargas), Federico Bernal, denunci\u00f3 penalmente al ex ministro de Energ\u00eda Juan Jos\u00e9 Aranguren por presunto \u00abincumplimiento de los deberes de funcionario p\u00fablico y negociaciones incompatibles\u00bb en relaci\u00f3n a los contratos que fijaron el precio del gas en 2018.<\/p>\n\n\n\n<p><strong>La denuncia penal realizada por el interventor del Enargas, que recay\u00f3 en el Juzgado Nacional de Primera Instancia en lo Criminal y Correccional Federal N\u00b0 12<\/strong>, incluye tambi\u00e9n a Marcos Porteau, ex subsecretario de Recursos Hidrocarbur\u00edferos del Ministerio de Energ\u00eda durante la gesti\u00f3n de Cambiemos; Mauricio Roitman, ex presidente en ejercicio del directorio del Enargas; y dem\u00e1s integrantes del entonces Directorio del Ente Regulador.<\/p>\n\n\n\n<p>\u00ab<strong>Aranguren y otros ex funcionarios habr\u00edan violado la Ley del Gas, atando a los usuarios y las usuarias a una concertaci\u00f3n &#8216;contractual&#8217;, con precios en d\u00f3lares<\/strong>, en una escala ascendente pactados a dos a\u00f1os y variables seg\u00fan el tipo de cambio, precios que luego se trasladaron a la tarifa. Por cierto, algo in\u00e9dito en la historia de la comercializaci\u00f3n del gas\u00bb, sostuvo el interventor Bernal tras presentar la denuncia.<\/p>\n\n\n\n<p>En un comunicado publicado en el sitio oficial del Ente Regulador, se explica que ante la finalizaci\u00f3n de la Ley de Emergencia Econ\u00f3mica y la plena vigencia de la Ley 24.076 (Ley del Gas), y normas reglamentarias y complementarias, \u00aben 2018 se deb\u00eda volver a la desregulaci\u00f3n del precio del gas, es decir, la libre negociaci\u00f3n del precio entre las empresas productoras y distribuidoras\u00bb.<\/p>\n\n\n\n<p>En ese contexto, \u00ab<strong>el Enargas, en lugar de proteger a los usuarios y las usuarias y rechazar el acuerdo de &#8216;las referidas bases y condiciones&#8217;, lo aval\u00f3 y efectu\u00f3 el traslado de los precios a tarifas en abril del 2018&#8243;.<\/strong><\/p>\n\n\n\n<p>Asimismo, el comunicado recuerda que, \u00ab<strong>en octubre de 2018, al momento de devaluarse la moneda argentina respecto del d\u00f3lar, se pretendi\u00f3, mediante las famosas 24 cuotas que impuls\u00f3 el otrora secretario de Gobierno de Energ\u00eda, Javier Iguacel, que la variaci\u00f3n del valor de cambio fuera absorbida por los usuarios<\/strong>&nbsp;en cuotas en sus facturas, lo que mereci\u00f3 el repudio generalizado y hasta la promoci\u00f3n de denuncias penales\u00bb.<\/p>\n\n\n\n<p>\u00abEsto deriv\u00f3 en la absorci\u00f3n por parte del Estado Nacional de aquel acuerdo ruinoso para los bolsillos de los usuarios. Esto es, todo el pueblo argentino en calidad de contribuyente haci\u00e9ndose cargo de la deuda generada\u00bb, agreg\u00f3 el ente regulador.<\/p>\n\n\n\n<p>Para el Enargas, el perjuicio econ\u00f3mico por esa decisi\u00f3n \u00abasciende a 561 millones de d\u00f3lares, de los cuales 393 millones obedecen al perjuicio contra el fisco, mientras que 168 millones contra los usuarios del servicio p\u00fablico de gas por redes\u00bb.<\/p>\n","protected":false},"excerpt":{"rendered":"<p>El interventor del Ente Nacional Regulador del Gas (Enargas), Federico Bernal, denunci\u00f3 penalmente al ex&#8230;<\/p>\n","protected":false},"author":1,"featured_media":59656,"comment_status":"open","ping_status":"open","sticky":false,"template":"","format":"standard","meta":{"footnotes":""},"categories":[5],"tags":[],"class_list":["post-5290","post","type-post","status-publish","format-standard","has-post-thumbnail","hentry","category-el-pais"],"_links":{"self":[{"href":"https:\/\/conurbanodiario.com.ar\/index.php?rest_route=\/wp\/v2\/posts\/5290","targetHints":{"allow":["GET"]}}],"collection":[{"href":"https:\/\/conurbanodiario.com.ar\/index.php?rest_route=\/wp\/v2\/posts"}],"about":[{"href":"https:\/\/conurbanodiario.com.ar\/index.php?rest_route=\/wp\/v2\/types\/post"}],"author":[{"embeddable":true,"href":"https:\/\/conurbanodiario.com.ar\/index.php?rest_route=\/wp\/v2\/users\/1"}],"replies":[{"embeddable":true,"href":"https:\/\/conurbanodiario.com.ar\/index.php?rest_route=%2Fwp%2Fv2%2Fcomments&post=5290"}],"version-history":[{"count":1,"href":"https:\/\/conurbanodiario.com.ar\/index.php?rest_route=\/wp\/v2\/posts\/5290\/revisions"}],"predecessor-version":[{"id":5292,"href":"https:\/\/conurbanodiario.com.ar\/index.php?rest_route=\/wp\/v2\/posts\/5290\/revisions\/5292"}],"wp:featuredmedia":[{"embeddable":true,"href":"https:\/\/conurbanodiario.com.ar\/index.php?rest_route=\/wp\/v2\/media\/59656"}],"wp:attachment":[{"href":"https:\/\/conurbanodiario.com.ar\/index.php?rest_route=%2Fwp%2Fv2%2Fmedia&parent=5290"}],"wp:term":[{"taxonomy":"category","embeddable":true,"href":"https:\/\/conurbanodiario.com.ar\/index.php?rest_route=%2Fwp%2Fv2%2Fcategories&post=5290"},{"taxonomy":"post_tag","embeddable":true,"href":"https:\/\/conurbanodiario.com.ar\/index.php?rest_route=%2Fwp%2Fv2%2Ftags&post=5290"}],"curies":[{"name":"wp","href":"https:\/\/api.w.org\/{rel}","templated":true}]}}