{"id":5287,"date":"2020-06-26T03:07:00","date_gmt":"2020-06-26T06:07:00","guid":{"rendered":"http:\/\/conurbanodiario.com.ar\/?p=5287"},"modified":"2020-06-25T11:55:34","modified_gmt":"2020-06-25T14:55:34","slug":"quilmes-esta-disponible-la-turnera-web-para-sacar-turnos-para-habilitaciones","status":"publish","type":"post","link":"https:\/\/conurbanodiario.com.ar\/?p=5287","title":{"rendered":"QUILMES: EST\u00c1 DISPONIBLE LA TURNERA WEB PARA SACAR TURNOS PARA HABILITACIONES"},"content":{"rendered":"\n<p>El Municipio de Quilmes informa que la Agencia de Fiscalizaci\u00f3n y Control Comunal (AFyCC) local, a cargo de Alejandra Cordeiro, en un trabajo conjunto con la Subsecretar\u00eda de Gesti\u00f3n P\u00fablica y Modernizaci\u00f3n&nbsp; de Gobierno, habilit\u00f3 la Turnera Web para acceder a la asignaci\u00f3n de un turno para de realizar tr\u00e1mites vinculados al \u00e1rea de Habilitaciones Comerciales e Industriales. Los mismos se otorgar\u00e1n cada media hora a fin de evitar la concentraci\u00f3n de personas en el edificio de Matheu 67, donde funciona la AFyCC.<\/p>\n\n\n\n<p>\u00abEn el marco del proceso de agilizaci\u00f3n de tr\u00e1mites y en funci\u00f3n de otorgar transparencia a la gesti\u00f3n de la Agencia de Fiscalizaci\u00f3n y Control Comunal, se desarroll\u00f3 la turnera para que los y las contribuyentes puedan inciar o continuar sus tr\u00e1mites sin demoras. Asimismo, en el marco de la pandemia del COVID 19, se busca evitar la aglomeraci\u00f3n de personas en el edificio\u00bb, asegur\u00f3 Alejandra Cordeiro.<\/p>\n\n\n\n<p>Los interesados deber\u00e1n ingresar al sitio web del Municipio, www.quilmes.gov.ar, ingresar a \u201cservicios\u201d y luego a \u201cturnos online\u201d o a www.quilmes.gov.ar\/turnos y elegir la dependencia responsable de la realizaci\u00f3n del tr\u00e1mite, Agencia de Fiscalizaci\u00f3n y Control Comunal.<\/p>\n\n\n\n<p>Luego se podr\u00e1 elegir el tipo de tr\u00e1mite a realizar. Finalmente se podr\u00e1 acceder a un calendario en el cual se encuentran los d\u00edas y horarios disponibles para realizar la reserva del turno, luego de completar los datos personales solicitados por el sistema.<\/p>\n\n\n\n<p>La reserva del turno est\u00e1 destinada a los siguientes tr\u00e1mites: inicio de habilitaciones, traslados, transferencias, bajas y ampliaci\u00f3n de rubro. Asimismo, para consultas, se encuentran disponibles dos correos electr\u00f3nicos habilitaciones.comercio@quilmes.gov.ar (comercio) y habilitaciones.industria@quilmes.gov.ar (industria).<\/p>\n\n\n\n<p>Accede a la turnera web y reserva tu turno para realizar tr\u00e1mites de habilitaciones. Link: www.quilmes.gov.ar\/turnos.<\/p>\n","protected":false},"excerpt":{"rendered":"<p>El Municipio de Quilmes informa que la Agencia de Fiscalizaci\u00f3n y Control Comunal (AFyCC) local,&#8230;<\/p>\n","protected":false},"author":1,"featured_media":59656,"comment_status":"open","ping_status":"open","sticky":false,"template":"","format":"standard","meta":{"footnotes":""},"categories":[3],"tags":[],"class_list":["post-5287","post","type-post","status-publish","format-standard","has-post-thumbnail","hentry","category-informacion-general"],"_links":{"self":[{"href":"https:\/\/conurbanodiario.com.ar\/index.php?rest_route=\/wp\/v2\/posts\/5287","targetHints":{"allow":["GET"]}}],"collection":[{"href":"https:\/\/conurbanodiario.com.ar\/index.php?rest_route=\/wp\/v2\/posts"}],"about":[{"href":"https:\/\/conurbanodiario.com.ar\/index.php?rest_route=\/wp\/v2\/types\/post"}],"author":[{"embeddable":true,"href":"https:\/\/conurbanodiario.com.ar\/index.php?rest_route=\/wp\/v2\/users\/1"}],"replies":[{"embeddable":true,"href":"https:\/\/conurbanodiario.com.ar\/index.php?rest_route=%2Fwp%2Fv2%2Fcomments&post=5287"}],"version-history":[{"count":1,"href":"https:\/\/conurbanodiario.com.ar\/index.php?rest_route=\/wp\/v2\/posts\/5287\/revisions"}],"predecessor-version":[{"id":5289,"href":"https:\/\/conurbanodiario.com.ar\/index.php?rest_route=\/wp\/v2\/posts\/5287\/revisions\/5289"}],"wp:featuredmedia":[{"embeddable":true,"href":"https:\/\/conurbanodiario.com.ar\/index.php?rest_route=\/wp\/v2\/media\/59656"}],"wp:attachment":[{"href":"https:\/\/conurbanodiario.com.ar\/index.php?rest_route=%2Fwp%2Fv2%2Fmedia&parent=5287"}],"wp:term":[{"taxonomy":"category","embeddable":true,"href":"https:\/\/conurbanodiario.com.ar\/index.php?rest_route=%2Fwp%2Fv2%2Fcategories&post=5287"},{"taxonomy":"post_tag","embeddable":true,"href":"https:\/\/conurbanodiario.com.ar\/index.php?rest_route=%2Fwp%2Fv2%2Ftags&post=5287"}],"curies":[{"name":"wp","href":"https:\/\/api.w.org\/{rel}","templated":true}]}}