{"id":5280,"date":"2020-06-24T02:05:00","date_gmt":"2020-06-24T05:05:00","guid":{"rendered":"http:\/\/conurbanodiario.com.ar\/?p=5280"},"modified":"2020-06-24T06:31:58","modified_gmt":"2020-06-24T09:31:58","slug":"retegui-una-nueva-baja-para-desabato-en-estudiantes","status":"publish","type":"post","link":"https:\/\/conurbanodiario.com.ar\/?p=5280","title":{"rendered":"RETEGUI, UNA NUEVA BAJA PARA DES\u00c1BATO EN ESTUDIANTES"},"content":{"rendered":"\n<p>El delantero Mateo Retegui se suma a las bajas que tendr\u00e1 entrenador Leandro Des\u00e1bato en el plantel de Estudiantes de La Plata para la temporada 2020\/2021, seg\u00fan anunci\u00f3 el propio futbolista a trav\u00e9s de sus redes sociales.<\/p>\n\n\n\n<p>De ese modo, el jugador ratific\u00f3 lo que la dirigencia del \u00abPincha\u00bb hab\u00eda anunciado semanas atr\u00e1s, en el sentido de que no har\u00eda uso de la opci\u00f3n del pase que pertenece a Boca Juniors.<\/p>\n\n\n\n<p>El delantero lleg\u00f3 a Estudiantes en el mercado de verano del 2019 a pr\u00e9stamo por 18 meses con una opci\u00f3n de compra del 50 por ciento a junio de este a\u00f1o, valuada en 1.800.000 d\u00f3lares.<\/p>\n\n\n\n<p>Desde la dirigencia estudiantil se inform\u00f3 que pretend\u00edan renovar un nuevo pr\u00e9stamo y que quer\u00edan mantener al jugador en el plantel, pero que no pod\u00edan abonar la cifra pretendida por el due\u00f1o del pase.<\/p>\n\n\n\n<p>La idea de Estudiantes era al menos prolongar el v\u00ednculo hasta diciembre, alternativa que no fue considerada por Boca.<\/p>\n\n\n\n<p>El atacante, que tiene como nuevo representante a Francesco Totti, anunci\u00f3 via redes sociales su regreso al equipo que hoy dirige Miguel Angel Russo, al tiempo que agradeci\u00f3 al \u00abPincha\u00bb, compa\u00f1eros, hinchas, empleados, cuerpos t\u00e9cnicos y dirigentes por el trato recibido.<\/p>\n\n\n\n<p>En una de las partes del texto de despedida se\u00f1al\u00f3 el agradecimiento \u00aba toda la familia de Estudiantes por todo el cari\u00f1o, por el apoyo y por todo este tiempo compartido. Est\u00e1n en mi coraz\u00f3n\u00bb. Y lo complet\u00f3 con una foto con ropa de entrenamiento en el predio de City Bell.<\/p>\n\n\n\n<p>En declaraciones a TyC Sports manifest\u00f3 que \u00abme hubiera gustado quedarme pero esta situaci\u00f3n complic\u00f3 todo. Tuve un a\u00f1o donde me ense\u00f1aron muchas cosas y creo que tuve un crecimiento importante como jugador, como profesional y como persona, les estar\u00e9 por siempre agradecidos. Es como dicen todos, Estudiantes es una gran familia\u00bb.<\/p>\n\n\n\n<p>En Estudiantes Retegui jug\u00f3 29 partidos (15 como titular) y marc\u00f3 5 goles. El primero a Sportivo Estudiantes de San Luis por la Copa Argentina, en el cl\u00e1sico ante Gimnasia y Esgrima, frente a San Lorenzo de Almagro, Uni\u00f3n de Santa Fe y Defensa y Justicia.<\/p>\n\n\n\n<p>En Boca tuvo apenas 10 minutos en primera, cuando Guillermo Barros Schelotto lo hizo ingresar por Carlos T\u00e9vez, el 17 de noviembre del 2018 ante Patronato de Paran\u00e1.<\/p>\n\n\n\n<p>Retegui ahora se pondr\u00e1 a disposici\u00f3n de Russo en Boca, aguardando definiciones sobre su futuro. A los 21 a\u00f1os y con pasaporte comunitario espera alguna chance en el viejo continente, aunque existen rumores de un posible desembarco en la Major League Soccer.<\/p>\n\n\n\n<p>Con la no continuidad de Retegui el plantel de Estudiantes suma un nuevo nombre a las bajas de Gast\u00f3n Fern\u00e1ndez, Facundo S\u00e1nchez y la lista se podr\u00eda extender en los pr\u00f3ximos d\u00edas con Marcos Rojo, Mauricio Rosales y alg\u00fan otro futbolista.<\/p>\n","protected":false},"excerpt":{"rendered":"<p>El delantero Mateo Retegui se suma a las bajas que tendr\u00e1 entrenador Leandro Des\u00e1bato en&#8230;<\/p>\n","protected":false},"author":1,"featured_media":59656,"comment_status":"open","ping_status":"open","sticky":false,"template":"","format":"standard","meta":{"footnotes":""},"categories":[32],"tags":[],"class_list":["post-5280","post","type-post","status-publish","format-standard","has-post-thumbnail","hentry","category-deportes"],"_links":{"self":[{"href":"https:\/\/conurbanodiario.com.ar\/index.php?rest_route=\/wp\/v2\/posts\/5280","targetHints":{"allow":["GET"]}}],"collection":[{"href":"https:\/\/conurbanodiario.com.ar\/index.php?rest_route=\/wp\/v2\/posts"}],"about":[{"href":"https:\/\/conurbanodiario.com.ar\/index.php?rest_route=\/wp\/v2\/types\/post"}],"author":[{"embeddable":true,"href":"https:\/\/conurbanodiario.com.ar\/index.php?rest_route=\/wp\/v2\/users\/1"}],"replies":[{"embeddable":true,"href":"https:\/\/conurbanodiario.com.ar\/index.php?rest_route=%2Fwp%2Fv2%2Fcomments&post=5280"}],"version-history":[{"count":1,"href":"https:\/\/conurbanodiario.com.ar\/index.php?rest_route=\/wp\/v2\/posts\/5280\/revisions"}],"predecessor-version":[{"id":5282,"href":"https:\/\/conurbanodiario.com.ar\/index.php?rest_route=\/wp\/v2\/posts\/5280\/revisions\/5282"}],"wp:featuredmedia":[{"embeddable":true,"href":"https:\/\/conurbanodiario.com.ar\/index.php?rest_route=\/wp\/v2\/media\/59656"}],"wp:attachment":[{"href":"https:\/\/conurbanodiario.com.ar\/index.php?rest_route=%2Fwp%2Fv2%2Fmedia&parent=5280"}],"wp:term":[{"taxonomy":"category","embeddable":true,"href":"https:\/\/conurbanodiario.com.ar\/index.php?rest_route=%2Fwp%2Fv2%2Fcategories&post=5280"},{"taxonomy":"post_tag","embeddable":true,"href":"https:\/\/conurbanodiario.com.ar\/index.php?rest_route=%2Fwp%2Fv2%2Ftags&post=5280"}],"curies":[{"name":"wp","href":"https:\/\/api.w.org\/{rel}","templated":true}]}}