{"id":5271,"date":"2020-06-24T05:43:27","date_gmt":"2020-06-24T08:43:27","guid":{"rendered":"http:\/\/conurbanodiario.com.ar\/?p=5271"},"modified":"2020-06-24T05:43:27","modified_gmt":"2020-06-24T08:43:27","slug":"la-desocupacion-alcanzo-al-124-en-el-gran-buenos-aires","status":"publish","type":"post","link":"https:\/\/conurbanodiario.com.ar\/?p=5271","title":{"rendered":"LA DESOCUPACI\u00d3N ALCANZ\u00d3 AL 12,4% EN EL GRAN BUENOS AIRES"},"content":{"rendered":"\n<p>Los partidos del Gran Buenos Aires, el mayor aglomerado urbano de pa\u00eds, mostr\u00f3 en el primer trimestre del a\u00f1o una desocupaci\u00f3n del 12,4%, con una tasa de promedio nacional del 10,4% , inform\u00f3 el Instituto Nacional de Estad\u00edstica y Censos (Indec).<\/p>\n\n\n\n<p>La Ciudad de Buenos Aires, como contrapartida, mostr\u00f3 una tasa del 8,5% para promediar entre los dos el 11,5%, inform\u00f3 el organismo.<\/p>\n\n\n\n<p>Sin embargo, el eje Gran Tucum\u00e1n-Tafi Viejo result\u00f3 la regi\u00f3n con mayor nivel de desocupaci\u00f3n con el 13,1%; seguido por Rosario con el 12,9%; Ushuaia y Rio Grande con el 12,4%, junto con San Nicol\u00e1s y Villa Constituci\u00f3n con el 11,5%.<\/p>\n\n\n\n<p>En tanto, C\u00f3rdoba mostr\u00f3 una tasa de desocupaci\u00f3n del 10,8%; Salta 10,7%; Concordia 10,5%; Mar del Plata 10,4%, entre las localidades en que el desempleo alcanz\u00f3 los dos d\u00edgitos.<\/p>\n\n\n\n<p>Por contrapartida, los menores \u00edndices de desocupaci\u00f3n se anotaron en Posadas, con el 2,4%; La Rioja 2,7%, al igual que Viedma y Carmen de Patagones; San Luis 2,8%; y San Juan 3,3%.<\/p>\n\n\n\n<p>Como antecedente inmediato, en el \u00faltimo trimestre del a\u00f1o pasado la tasa de desocupaci\u00f3n era del 8,9%<\/p>\n\n\n\n<p>El Ministerio de Trabajo inform\u00f3 que en marzo, el empleo registrado alcanzaba a 11,929 millones de empleados, mostrando una ca\u00edda del 1,7% con respecto al mismo mes del 2019, mientras que en relaci\u00f3n a febrero, el n\u00famero de ocupados registrados cay\u00f3 0,9%, unos 105.000 trabajadores menos.<\/p>\n\n\n\n<p>En febrero, el trabajo registrado hab\u00eda registrado una baja interanual del 0,6% mientras que en enero la merma fue del 0,7 %.<\/p>\n","protected":false},"excerpt":{"rendered":"<p>Los partidos del Gran Buenos Aires, el mayor aglomerado urbano de pa\u00eds, mostr\u00f3 en el&#8230;<\/p>\n","protected":false},"author":1,"featured_media":59656,"comment_status":"open","ping_status":"open","sticky":false,"template":"","format":"standard","meta":{"footnotes":""},"categories":[28],"tags":[],"class_list":["post-5271","post","type-post","status-publish","format-standard","has-post-thumbnail","hentry","category-la-provincia"],"_links":{"self":[{"href":"https:\/\/conurbanodiario.com.ar\/index.php?rest_route=\/wp\/v2\/posts\/5271","targetHints":{"allow":["GET"]}}],"collection":[{"href":"https:\/\/conurbanodiario.com.ar\/index.php?rest_route=\/wp\/v2\/posts"}],"about":[{"href":"https:\/\/conurbanodiario.com.ar\/index.php?rest_route=\/wp\/v2\/types\/post"}],"author":[{"embeddable":true,"href":"https:\/\/conurbanodiario.com.ar\/index.php?rest_route=\/wp\/v2\/users\/1"}],"replies":[{"embeddable":true,"href":"https:\/\/conurbanodiario.com.ar\/index.php?rest_route=%2Fwp%2Fv2%2Fcomments&post=5271"}],"version-history":[{"count":1,"href":"https:\/\/conurbanodiario.com.ar\/index.php?rest_route=\/wp\/v2\/posts\/5271\/revisions"}],"predecessor-version":[{"id":5273,"href":"https:\/\/conurbanodiario.com.ar\/index.php?rest_route=\/wp\/v2\/posts\/5271\/revisions\/5273"}],"wp:featuredmedia":[{"embeddable":true,"href":"https:\/\/conurbanodiario.com.ar\/index.php?rest_route=\/wp\/v2\/media\/59656"}],"wp:attachment":[{"href":"https:\/\/conurbanodiario.com.ar\/index.php?rest_route=%2Fwp%2Fv2%2Fmedia&parent=5271"}],"wp:term":[{"taxonomy":"category","embeddable":true,"href":"https:\/\/conurbanodiario.com.ar\/index.php?rest_route=%2Fwp%2Fv2%2Fcategories&post=5271"},{"taxonomy":"post_tag","embeddable":true,"href":"https:\/\/conurbanodiario.com.ar\/index.php?rest_route=%2Fwp%2Fv2%2Ftags&post=5271"}],"curies":[{"name":"wp","href":"https:\/\/api.w.org\/{rel}","templated":true}]}}