{"id":5261,"date":"2020-06-24T05:26:31","date_gmt":"2020-06-24T08:26:31","guid":{"rendered":"http:\/\/conurbanodiario.com.ar\/?p=5261"},"modified":"2020-06-24T05:26:32","modified_gmt":"2020-06-24T08:26:32","slug":"malec-afirma-que-el-objetivo-de-su-cartera-es-preservar-el-empleo-y-los-derechos-laborales","status":"publish","type":"post","link":"https:\/\/conurbanodiario.com.ar\/?p=5261","title":{"rendered":"MALEC AFIRMA QUE EL OBJETIVO DE SU CARTERA ES \u00abPRESERVAR EL EMPLEO Y LOS DERECHOS LABORALES\u00bb"},"content":{"rendered":"\n<p>La ministra de Trabajo bonaerense, Mara Ruiz Malec, afirm\u00f3 que el gobierno de Axel Kicillof tiene como objetivo \u00abrecuperar las funciones\u00bb de esa cartera con el fin de \u00abintervenir de manera eficiente en los conflictos laborales, promover el di\u00e1logo social tripartito y generar acuerdos para preservar el empleo y los derechos laborales\u00bb.<\/p>\n\n\n\n<p>La funcionaria formul\u00f3 esa afirmaci\u00f3n durante el informe de gesti\u00f3n que brind\u00f3 por teleconferencia ante la Comisi\u00f3n de Trabajo de la C\u00e1mara de Diputados bonaerense y asegur\u00f3 que, para lograr esa meta, es \u00abindispensable dotar de personal al ministerio\u00bb.<\/p>\n\n\n\n<p>Ruiz Malez explic\u00f3 que, al asumir, se encontr\u00f3 con \u00abque se hab\u00edan destruido 87 mil puestos de trabajo en el sector privado y mucha de esa gente fue a parar a la informalidad\u00bb y atribuy\u00f3 ello a que el Gobierno anterior implement\u00f3 \u00abun modelo econ\u00f3mico que prioriz\u00f3 un camino econ\u00f3mico que no funcion\u00f3\u00bb.<\/p>\n\n\n\n<p>Luego, la ministra cont\u00f3 que durante los primeros meses de gesti\u00f3n se busc\u00f3 \u00abmostrar que la cartera laboral bonaerense volv\u00eda a ser la casa de los trabajadores\u00bb por lo que se inici\u00f3 una relaci\u00f3n \u00abcon los actores de la sociedad civil\u00bb.<\/p>\n\n\n\n<p>\u00abNuestra misi\u00f3n es defender los derechos de las y los trabajadores y para ello apostamos al di\u00e1logo con c\u00e1maras empresariales y sindicatos. Se llevaron a cabo maratones de encuentros con representantes gremiales de todos los sectores y centrales regionales\u00bb, observ\u00f3 la funcionaria.<\/p>\n\n\n\n<p>Ruiz Malec subray\u00f3 que el decreto de prohibici\u00f3n de despidos dictado a partir de la crisis surgida por la pandemia de coronavirus \u00abfue efectivo\u00bb y cont\u00f3 que, ese marco, la cartera laboral dict\u00f3 diversas resoluciones complementarias para el territorio bonaerense.<\/p>\n\n\n\n<p>Destac\u00f3 que, en esa coyuntura, se relevaron \u00abunos 196 establecimientos del Conurbano con 11.650 trabajadores\u00bb y expuso que se recibieron consultas y denuncias vinculadas a incumplimientos de obligaciones laborales y sanitarias en la cuarentena.<\/p>\n\n\n\n<p>\u00abDurante la pandemia implementamos todas las v\u00edas digitales para que las y los ciudadanos pudieran hacer sus denuncias\u00bb, cont\u00f3 y record\u00f3 que se suspendieron los plazos procesales y que se dictaron resoluciones que establecen la obligatoriedad de que las empresas cuenten con protocolos de higiene y seguridad.<\/p>\n\n\n\n<p>Sostuvo que \u00ablos pr\u00f3ximos meses van a ser dif\u00edciles\u00bb, vaticin\u00f3 que \u00abnuestra intervenci\u00f3n ser\u00e1 requerida\u00bb y afirm\u00f3 que \u00abah\u00ed estaremos, adem\u00e1s, reforzando programas de empleo e inspeccionando las nuevas formas de trabajo\u00bb.<\/p>\n\n\n\n<p>Entre los objetivos del \u00e1rea, dijo que se planea atender no s\u00f3lo a los trabajadores del empleo formal sino tambi\u00e9n a los informales, y se procurar\u00e1 \u00abagilizar tr\u00e1mites, potenciar los programas, asesorar trabajadores y mejorar los actos inspectivos\u00bb.<\/p>\n\n\n\n<p>En ese sentido, a\u00f1adi\u00f3 que se dot\u00f3 de \u00abmayor jerarqu\u00eda al \u00e1rea de inspecci\u00f3n laboral\u00bb, pero aclar\u00f3 que \u00abnunca tendremos el plantel para ir a revisar todos los establecimientos\u00bb.<\/p>\n\n\n\n<p>\u00abAdem\u00e1s, no somos un organismo recaudador sino que queremos evitar las infracciones. Nosotros vamos por las acciones de prevenci\u00f3n en los lugares de trabajo\u00bb, subray\u00f3.<\/p>\n","protected":false},"excerpt":{"rendered":"<p>La ministra de Trabajo bonaerense, Mara Ruiz Malec, afirm\u00f3 que el gobierno de Axel Kicillof&#8230;<\/p>\n","protected":false},"author":1,"featured_media":59656,"comment_status":"open","ping_status":"open","sticky":false,"template":"","format":"standard","meta":{"footnotes":""},"categories":[28],"tags":[],"class_list":["post-5261","post","type-post","status-publish","format-standard","has-post-thumbnail","hentry","category-la-provincia"],"_links":{"self":[{"href":"https:\/\/conurbanodiario.com.ar\/index.php?rest_route=\/wp\/v2\/posts\/5261","targetHints":{"allow":["GET"]}}],"collection":[{"href":"https:\/\/conurbanodiario.com.ar\/index.php?rest_route=\/wp\/v2\/posts"}],"about":[{"href":"https:\/\/conurbanodiario.com.ar\/index.php?rest_route=\/wp\/v2\/types\/post"}],"author":[{"embeddable":true,"href":"https:\/\/conurbanodiario.com.ar\/index.php?rest_route=\/wp\/v2\/users\/1"}],"replies":[{"embeddable":true,"href":"https:\/\/conurbanodiario.com.ar\/index.php?rest_route=%2Fwp%2Fv2%2Fcomments&post=5261"}],"version-history":[{"count":1,"href":"https:\/\/conurbanodiario.com.ar\/index.php?rest_route=\/wp\/v2\/posts\/5261\/revisions"}],"predecessor-version":[{"id":5263,"href":"https:\/\/conurbanodiario.com.ar\/index.php?rest_route=\/wp\/v2\/posts\/5261\/revisions\/5263"}],"wp:featuredmedia":[{"embeddable":true,"href":"https:\/\/conurbanodiario.com.ar\/index.php?rest_route=\/wp\/v2\/media\/59656"}],"wp:attachment":[{"href":"https:\/\/conurbanodiario.com.ar\/index.php?rest_route=%2Fwp%2Fv2%2Fmedia&parent=5261"}],"wp:term":[{"taxonomy":"category","embeddable":true,"href":"https:\/\/conurbanodiario.com.ar\/index.php?rest_route=%2Fwp%2Fv2%2Fcategories&post=5261"},{"taxonomy":"post_tag","embeddable":true,"href":"https:\/\/conurbanodiario.com.ar\/index.php?rest_route=%2Fwp%2Fv2%2Ftags&post=5261"}],"curies":[{"name":"wp","href":"https:\/\/api.w.org\/{rel}","templated":true}]}}