{"id":5254,"date":"2020-06-24T05:12:41","date_gmt":"2020-06-24T08:12:41","guid":{"rendered":"http:\/\/conurbanodiario.com.ar\/?p=5254"},"modified":"2020-06-24T05:12:41","modified_gmt":"2020-06-24T08:12:41","slug":"gobierno-bonaerense-ratifico-que-pagara-en-cuotas-el-medio-aguinaldo-de-sueldos-de-mas-de-80-000","status":"publish","type":"post","link":"https:\/\/conurbanodiario.com.ar\/?p=5254","title":{"rendered":"GOBIERNO BONAERENSE RATIFIC\u00d3 QUE PAGAR\u00c1 EN CUOTAS EL MEDIO AGUINALDO DE SUELDOS DE M\u00c1S DE $ 80.000"},"content":{"rendered":"\n<p>El gobierno bonaerense ratific\u00f3 que, en l\u00ednea con lo dispuesto por el Ejecutivo nacional, pagar\u00e1 en cuotas el medio aguinaldo de los empleados de la administraci\u00f3n p\u00fablica provincial cuyos sueldos superen los 80.000 pesos y que se abonar\u00e1 con los sueldos de junio.<\/p>\n\n\n\n<p>Una fuente del gobierno provincial explic\u00f3 que el pago del aguinaldo de los empleados estatales se realizar\u00e1 junto con los salarios del mes de junio y la fecha es seg\u00fan el calendario de cobro que tiene cada organismo.<\/p>\n\n\n\n<p>Adem\u00e1s, detall\u00f3 que \u201cen este contexto de ca\u00edda de la recaudaci\u00f3n y de crisis de la actividad econ\u00f3mica en general, la Provincia har\u00e1 frente al pago del sueldo anual complementario (SAC) en forma escalonada para aquellos trabajadores y trabajadoras que perciban salarios superiores a los 80.000 pesos brutos remunerativos\u201d.<\/p>\n\n\n\n<p>\u201cDe esta forma, el 80% de los trabajadores de la administraci\u00f3n p\u00fablica provincial va a recibir el SAC completo\u201d, grafic\u00f3.<\/p>\n\n\n\n<p>Precis\u00f3 tambi\u00e9n que un trabajador o trabajadora que perciba un salario bruto remunerativo superior a 80.000 pesos se le otorgar\u00e1 la primera cuota del SAC, que ser\u00e1 de 40.000 pesos brutos, y el excedente se pagar\u00e1 en cuotas en los meses subsiguientes.<\/p>\n\n\n\n<p>El pago en cuotas del aguinaldo hab\u00eda sido confirmado la semana pasada por el ministro de Hacienda y Finanzas bonaerense, Pablo L\u00f3pez, quien sostuvo que \u00abla provincia viene pagando los salarios en tiempo y forma y afrontar el pago de aguinaldos es una carga muy importante\u201d.<\/p>\n\n\n\n<p>Esta medida tambi\u00e9n fue adoptada, con diferente modalidad, por el gobierno porte\u00f1o de Horacio Rodr\u00edguez Larreta y va en l\u00ednea con lo dispuesto por el gobierno nacional, en el marco de las restricciones fiscales generadas por la pandemia de coronavirus.<\/p>\n\n\n\n<p>El gobierno nacional oficializ\u00f3 ayer la decisi\u00f3n de pagar en cuotas el medio aguinaldo correspondiente al mes de junio de todos los empleados p\u00fablicos nacionales cuyo Sueldo Anual Complementario (SAC) supere los 40.000 pesos brutos, por Decreto de Necesidad y Urgencia 547\/2020, publicado en la edici\u00f3n de hoy del Bolet\u00edn Oficial, firmado por el presidente Alberto Fern\u00e1ndez y todos los miembros de su gabinete.<\/p>\n","protected":false},"excerpt":{"rendered":"<p>El gobierno bonaerense ratific\u00f3 que, en l\u00ednea con lo dispuesto por el Ejecutivo nacional, pagar\u00e1&#8230;<\/p>\n","protected":false},"author":1,"featured_media":59656,"comment_status":"open","ping_status":"open","sticky":false,"template":"","format":"standard","meta":{"footnotes":""},"categories":[28],"tags":[],"class_list":["post-5254","post","type-post","status-publish","format-standard","has-post-thumbnail","hentry","category-la-provincia"],"_links":{"self":[{"href":"https:\/\/conurbanodiario.com.ar\/index.php?rest_route=\/wp\/v2\/posts\/5254","targetHints":{"allow":["GET"]}}],"collection":[{"href":"https:\/\/conurbanodiario.com.ar\/index.php?rest_route=\/wp\/v2\/posts"}],"about":[{"href":"https:\/\/conurbanodiario.com.ar\/index.php?rest_route=\/wp\/v2\/types\/post"}],"author":[{"embeddable":true,"href":"https:\/\/conurbanodiario.com.ar\/index.php?rest_route=\/wp\/v2\/users\/1"}],"replies":[{"embeddable":true,"href":"https:\/\/conurbanodiario.com.ar\/index.php?rest_route=%2Fwp%2Fv2%2Fcomments&post=5254"}],"version-history":[{"count":1,"href":"https:\/\/conurbanodiario.com.ar\/index.php?rest_route=\/wp\/v2\/posts\/5254\/revisions"}],"predecessor-version":[{"id":5257,"href":"https:\/\/conurbanodiario.com.ar\/index.php?rest_route=\/wp\/v2\/posts\/5254\/revisions\/5257"}],"wp:featuredmedia":[{"embeddable":true,"href":"https:\/\/conurbanodiario.com.ar\/index.php?rest_route=\/wp\/v2\/media\/59656"}],"wp:attachment":[{"href":"https:\/\/conurbanodiario.com.ar\/index.php?rest_route=%2Fwp%2Fv2%2Fmedia&parent=5254"}],"wp:term":[{"taxonomy":"category","embeddable":true,"href":"https:\/\/conurbanodiario.com.ar\/index.php?rest_route=%2Fwp%2Fv2%2Fcategories&post=5254"},{"taxonomy":"post_tag","embeddable":true,"href":"https:\/\/conurbanodiario.com.ar\/index.php?rest_route=%2Fwp%2Fv2%2Ftags&post=5254"}],"curies":[{"name":"wp","href":"https:\/\/api.w.org\/{rel}","templated":true}]}}