{"id":5248,"date":"2020-06-24T04:19:13","date_gmt":"2020-06-24T07:19:13","guid":{"rendered":"http:\/\/conurbanodiario.com.ar\/?p=5248"},"modified":"2020-06-24T04:19:15","modified_gmt":"2020-06-24T07:19:15","slug":"varela-lo-hieren-de-un-escopetazo-por-una-deuda-de-dinero-y-detienen-a-dos-sospechosos","status":"publish","type":"post","link":"https:\/\/conurbanodiario.com.ar\/?p=5248","title":{"rendered":"VARELA: LO HIEREN DE UN ESCOPETAZO POR UNA DEUDA DE DINERO Y DETIENEN A DOS SOSPECHOSOS"},"content":{"rendered":"\n<p>Un joven fue herido de un escopetazo en el rostro durante una discusi\u00f3n con otros dos aparentemente por una deuda de dinero en Florencio Varela, informaron fuentes policiales.<\/p>\n\n\n\n<p>La v\u00edctima, identificada como Leandro B\u00e1ez (23), permanece internada en la sala de terapia intensiva del Hospital de Florencio Varela en estado reservado, a\u00f1adieron los informantes.<\/p>\n\n\n\n<p>El hecho ocurri\u00f3 en la noche del lunes en la intersecci\u00f3n de las calles 536 y 527. donde B\u00e1ez se encontr\u00f3 con dos j\u00f3venes con quienes mantuvo una discusi\u00f3n por una deuda.<\/p>\n\n\n\n<p>En esas circunstancias, uno de ellos lo atac\u00f3 con una pistola calibre 28 y lo hiri\u00f3 en la cara.<\/p>\n\n\n\n<p>Los vecinos llevaron al baleado al centro de salud, donde qued\u00f3 internado.<\/p>\n\n\n\n<p>La investigaci\u00f3n qued\u00f3 a cargo de efectivos de la somisar\u00eda 2da de Florencio Varela perteneciente a esa estaci\u00f3n de Polic\u00eda Departamental Amba Sur I, quienes comenzaron a buscar a los presuntos autores.<\/p>\n\n\n\n<p>Ambos, de 18 a\u00f1os, fueron detenidos en procedimientos policiales y en poder de uno de ello se secuestr\u00f3 el arma.<\/p>\n\n\n\n<p>Los detenidos quedaron a disposici\u00f3n judicial acusados de \u00abhomicidio calificado por el uso de arma en grado de tentativa\u00bb.<\/p>\n","protected":false},"excerpt":{"rendered":"<p>Un joven fue herido de un escopetazo en el rostro durante una discusi\u00f3n con otros&#8230;<\/p>\n","protected":false},"author":1,"featured_media":59656,"comment_status":"open","ping_status":"open","sticky":false,"template":"","format":"standard","meta":{"footnotes":""},"categories":[10],"tags":[],"class_list":["post-5248","post","type-post","status-publish","format-standard","has-post-thumbnail","hentry","category-seguridad"],"_links":{"self":[{"href":"https:\/\/conurbanodiario.com.ar\/index.php?rest_route=\/wp\/v2\/posts\/5248","targetHints":{"allow":["GET"]}}],"collection":[{"href":"https:\/\/conurbanodiario.com.ar\/index.php?rest_route=\/wp\/v2\/posts"}],"about":[{"href":"https:\/\/conurbanodiario.com.ar\/index.php?rest_route=\/wp\/v2\/types\/post"}],"author":[{"embeddable":true,"href":"https:\/\/conurbanodiario.com.ar\/index.php?rest_route=\/wp\/v2\/users\/1"}],"replies":[{"embeddable":true,"href":"https:\/\/conurbanodiario.com.ar\/index.php?rest_route=%2Fwp%2Fv2%2Fcomments&post=5248"}],"version-history":[{"count":1,"href":"https:\/\/conurbanodiario.com.ar\/index.php?rest_route=\/wp\/v2\/posts\/5248\/revisions"}],"predecessor-version":[{"id":5250,"href":"https:\/\/conurbanodiario.com.ar\/index.php?rest_route=\/wp\/v2\/posts\/5248\/revisions\/5250"}],"wp:featuredmedia":[{"embeddable":true,"href":"https:\/\/conurbanodiario.com.ar\/index.php?rest_route=\/wp\/v2\/media\/59656"}],"wp:attachment":[{"href":"https:\/\/conurbanodiario.com.ar\/index.php?rest_route=%2Fwp%2Fv2%2Fmedia&parent=5248"}],"wp:term":[{"taxonomy":"category","embeddable":true,"href":"https:\/\/conurbanodiario.com.ar\/index.php?rest_route=%2Fwp%2Fv2%2Fcategories&post=5248"},{"taxonomy":"post_tag","embeddable":true,"href":"https:\/\/conurbanodiario.com.ar\/index.php?rest_route=%2Fwp%2Fv2%2Ftags&post=5248"}],"curies":[{"name":"wp","href":"https:\/\/api.w.org\/{rel}","templated":true}]}}