{"id":5245,"date":"2020-06-24T04:15:05","date_gmt":"2020-06-24T07:15:05","guid":{"rendered":"http:\/\/conurbanodiario.com.ar\/?p=5245"},"modified":"2020-06-24T04:15:07","modified_gmt":"2020-06-24T07:15:07","slug":"un-policia-desafectado-por-el-caso-de-un-adolescente-que-perdio-un-ojo-en-un-allanamiento","status":"publish","type":"post","link":"https:\/\/conurbanodiario.com.ar\/?p=5245","title":{"rendered":"UN POLIC\u00cdA DESAFECTADO POR EL CASO DE UN ADOLESCENTE QUE PERDI\u00d3 UN OJO EN UN ALLANAMIENTO"},"content":{"rendered":"\n<p>Un efectivo de la polic\u00eda de la provincia de Buenos Aires fue desafectado de sus funciones por haber efectuado un disparo con posta de goma que le provoc\u00f3 la p\u00e9rdida de un ojo a un adolescente de 17 a\u00f1os durante un allanamiento a su casa en el partido bonaerense de Lomas de Zamora el s\u00e1bado \u00faltimo, informaron fuentes de la fuerza.<\/p>\n\n\n\n<p>Se trata de un integrante del Grupo Apoyo Departamental (GAD) con jurisdicci\u00f3n en dicho partido de la zona sur del conurbano, a quien la Auditor\u00eda General de Asuntos Internos del Ministerio de Seguridad provincial tambi\u00e9n le abri\u00f3 un sumario.<\/p>\n\n\n\n<p>Seg\u00fan las fuentes, si bien varios polic\u00edas participaron del procedimiento, est\u00e1 claro quien apret\u00f3 el gatillo y provoc\u00f3 el da\u00f1o, aunque aclararon que la investigaci\u00f3n reci\u00e9n comienza.<\/p>\n\n\n\n<p>Los mismos voceros se\u00f1alaron que a\u00fan hay varias versiones a confirmar sobre c\u00f3mo se produjo el hecho, el cual ocurri\u00f3 en el marco de una serie de allanamientos dispuesto en una causa por robo.<\/p>\n\n\n\n<p>En tanto, la familia del adolescente herido fue recibida el lunes por el subsecretario de Derechos Humanos bonaerense, Mat\u00edas Moreno; la directora ejecutiva del Organismo Provincial de Ni\u00f1ez y Adolescencia del Ministerio de Desarrollo de la Comunidad, Eva Asprella; y el director de Pol\u00edticas contra la Violencia Institucional de la subsecretar\u00eda, Ignacio \u00c1lvarez.<\/p>\n\n\n\n<p>\u00abEn la reuni\u00f3n se puso a ambos organismos a disposici\u00f3n de la familia para asistirlos en lo que sea necesario en la recuperaci\u00f3n m\u00e9dica del joven que perdi\u00f3 un ojo a causa de un disparo durante el operativo policial y acompa\u00f1arlos en el impulso del proceso judicial y administrativo\u00bb, indic\u00f3 un comunicado del \u00e1rea de DD.HH.<\/p>\n\n\n\n<p>De acuerdo al informe oficial, tambi\u00e9n se \u00abmantiene comunicaci\u00f3n con la UFI interviniente y Asuntos Internos del Ministerio de Seguridad a fin de tomar las medidas necesarias para separar de sus cargos a los responsables por el uso irracional de la fuerza e investigar la legalidad del acta realizada por los agentes que utilizaron para justificar su accionar irregular\u00bb.<\/p>\n\n\n\n<p>El procedimiento se realiz\u00f3 el s\u00e1bado pasado en la localidad de Villa Centenario, partido de Lomas de Zamora, donde el adolescente de 17 a\u00f1os sufri\u00f3 la p\u00e9rdida de un ojo luego de que polic\u00edas del GAD \u00abirrumpieran en la casa en la que moraba junto a su madre, la pareja de ella y un hermano de un a\u00f1o, y efectuara disparos de postas de goma en el interior\u00bb de la misma.<\/p>\n\n\n\n<p>\u00abLos agentes habr\u00edan actuado de manera arbitraria no solo por el uso de la fuerza desplegada, sino porque tambi\u00e9n habr\u00edan ingresado a domicilios no requeridos por la orden de allanamiento, secuestrando bienes personales de los habitantes y construyendo una versi\u00f3n que intentar\u00eda justificar su accionar irregular\u00bb, a\u00f1adi\u00f3 el comunicado.<\/p>\n\n\n\n<p>Por ello es que, adem\u00e1s, \u00abse pidi\u00f3 investigar la legalidad de la conformaci\u00f3n del acta realizada por los agentes, atento a una posible falsedad de documento p\u00fablico\u00bb.<\/p>\n","protected":false},"excerpt":{"rendered":"<p>Un efectivo de la polic\u00eda de la provincia de Buenos Aires fue desafectado de sus&#8230;<\/p>\n","protected":false},"author":1,"featured_media":59656,"comment_status":"open","ping_status":"open","sticky":false,"template":"","format":"standard","meta":{"footnotes":""},"categories":[10],"tags":[],"class_list":["post-5245","post","type-post","status-publish","format-standard","has-post-thumbnail","hentry","category-seguridad"],"_links":{"self":[{"href":"https:\/\/conurbanodiario.com.ar\/index.php?rest_route=\/wp\/v2\/posts\/5245","targetHints":{"allow":["GET"]}}],"collection":[{"href":"https:\/\/conurbanodiario.com.ar\/index.php?rest_route=\/wp\/v2\/posts"}],"about":[{"href":"https:\/\/conurbanodiario.com.ar\/index.php?rest_route=\/wp\/v2\/types\/post"}],"author":[{"embeddable":true,"href":"https:\/\/conurbanodiario.com.ar\/index.php?rest_route=\/wp\/v2\/users\/1"}],"replies":[{"embeddable":true,"href":"https:\/\/conurbanodiario.com.ar\/index.php?rest_route=%2Fwp%2Fv2%2Fcomments&post=5245"}],"version-history":[{"count":1,"href":"https:\/\/conurbanodiario.com.ar\/index.php?rest_route=\/wp\/v2\/posts\/5245\/revisions"}],"predecessor-version":[{"id":5247,"href":"https:\/\/conurbanodiario.com.ar\/index.php?rest_route=\/wp\/v2\/posts\/5245\/revisions\/5247"}],"wp:featuredmedia":[{"embeddable":true,"href":"https:\/\/conurbanodiario.com.ar\/index.php?rest_route=\/wp\/v2\/media\/59656"}],"wp:attachment":[{"href":"https:\/\/conurbanodiario.com.ar\/index.php?rest_route=%2Fwp%2Fv2%2Fmedia&parent=5245"}],"wp:term":[{"taxonomy":"category","embeddable":true,"href":"https:\/\/conurbanodiario.com.ar\/index.php?rest_route=%2Fwp%2Fv2%2Fcategories&post=5245"},{"taxonomy":"post_tag","embeddable":true,"href":"https:\/\/conurbanodiario.com.ar\/index.php?rest_route=%2Fwp%2Fv2%2Ftags&post=5245"}],"curies":[{"name":"wp","href":"https:\/\/api.w.org\/{rel}","templated":true}]}}