{"id":5240,"date":"2020-06-24T02:59:00","date_gmt":"2020-06-24T05:59:00","guid":{"rendered":"http:\/\/conurbanodiario.com.ar\/?p=5240"},"modified":"2020-06-24T03:36:05","modified_gmt":"2020-06-24T06:36:05","slug":"mussi-repudio-las-declaraciones-de-baby-etchecopar-contra-cristina","status":"publish","type":"post","link":"https:\/\/conurbanodiario.com.ar\/?p=5240","title":{"rendered":"MUSSI REPUDI\u00d3 LAS DECLARACIONES DE BABY ETCHECOPAR CONTRA CRISTINA"},"content":{"rendered":"\n<p>El hist\u00f3rico dirigente pol\u00edtico, actual intendente de Berazategui, Juan Jos\u00e9 Mussi, repudi\u00f3 en\u00e9rgicamente las declaraciones realizadas por el periodista y conductor Baby Etchhecopart, quien realiz\u00f3 una serie de cr\u00edticas de manera irrespetuosa a la actual Vicepresidenta de la Naci\u00f3n Cristina Fern\u00e1ndez de Kirchner. Mussi tambi\u00e9n apunt\u00f3 contra los silencios c\u00f3mplices por parte de la conductora del programa \u201cLa Noche de Mirtha Legrand\u201d, Juana Viale.<br>\u201cLo que dice Baby Etchecopar en el programa de Mirtha Legrand lesiona a todas las estructuras de un pa\u00eds. No solo a la pol\u00edtica. No solo a la Democracia. A la Sociedad toda\u201d, arranca el texto publicado por Mussi en sus redes sociales.<\/p>\n\n\n\n<p>Para el legendario Dirigente del PJ \u201cEn palabras de un periodista de cuarta, semejantes blasfemias son insoportables. Y la pasividad de la conductora del programa no nos sorprende\u201d. En tanto destac\u00f3 que: \u201cAgreden al pueblo. Insultan a una ciudadan\u00eda que vot\u00f3 dos veces a una Presidenta de la Naci\u00f3n y que hoy es Vicepresidenta\u201d.<\/p>\n\n\n\n<p>Mussi no ahorr\u00f3 cr\u00edticas hacia el Conductor radial al mencionar que \u201cEstos periodistas del \u201cbolsillo\u201d tratan de tontos a todos los argentinos. Ellos son los \u201cinteligentes\u201d o para decir mejor los \u201cvivos\u201d (abreviatura de vividores)\u201d.<\/p>\n\n\n\n<p>Por \u00faltimo, se dirigi\u00f3 a la conductora original del y pregunt\u00f3: \u00bfEsto no es grieta Se\u00f1ora Mirtha Legrand? Usted que tantas veces promocion\u00f3 esa palabra. \u00bfHasta cu\u00e1ndo los dobles mensajes? \u00bfHasta cu\u00e1ndo estos irrespetuosos portadores del odio? \u00bfHasta cu\u00e1ndo van a callarse los opositores que llegan por el voto popular, como Cristina? \u00bfHasta cu\u00e1ndo esta violencia de g\u00e9nero?\u201d. Y cerr\u00f3 su posteo con la frase \u201cPor suerte el Pueblo Argentino es inteligente\u201d.<\/p>\n","protected":false},"excerpt":{"rendered":"<p>El hist\u00f3rico dirigente pol\u00edtico, actual intendente de Berazategui, Juan Jos\u00e9 Mussi, repudi\u00f3 en\u00e9rgicamente las declaraciones&#8230;<\/p>\n","protected":false},"author":1,"featured_media":59656,"comment_status":"open","ping_status":"open","sticky":false,"template":"","format":"standard","meta":{"footnotes":""},"categories":[35],"tags":[],"class_list":["post-5240","post","type-post","status-publish","format-standard","has-post-thumbnail","hentry","category-politica"],"_links":{"self":[{"href":"https:\/\/conurbanodiario.com.ar\/index.php?rest_route=\/wp\/v2\/posts\/5240","targetHints":{"allow":["GET"]}}],"collection":[{"href":"https:\/\/conurbanodiario.com.ar\/index.php?rest_route=\/wp\/v2\/posts"}],"about":[{"href":"https:\/\/conurbanodiario.com.ar\/index.php?rest_route=\/wp\/v2\/types\/post"}],"author":[{"embeddable":true,"href":"https:\/\/conurbanodiario.com.ar\/index.php?rest_route=\/wp\/v2\/users\/1"}],"replies":[{"embeddable":true,"href":"https:\/\/conurbanodiario.com.ar\/index.php?rest_route=%2Fwp%2Fv2%2Fcomments&post=5240"}],"version-history":[{"count":1,"href":"https:\/\/conurbanodiario.com.ar\/index.php?rest_route=\/wp\/v2\/posts\/5240\/revisions"}],"predecessor-version":[{"id":5241,"href":"https:\/\/conurbanodiario.com.ar\/index.php?rest_route=\/wp\/v2\/posts\/5240\/revisions\/5241"}],"wp:featuredmedia":[{"embeddable":true,"href":"https:\/\/conurbanodiario.com.ar\/index.php?rest_route=\/wp\/v2\/media\/59656"}],"wp:attachment":[{"href":"https:\/\/conurbanodiario.com.ar\/index.php?rest_route=%2Fwp%2Fv2%2Fmedia&parent=5240"}],"wp:term":[{"taxonomy":"category","embeddable":true,"href":"https:\/\/conurbanodiario.com.ar\/index.php?rest_route=%2Fwp%2Fv2%2Fcategories&post=5240"},{"taxonomy":"post_tag","embeddable":true,"href":"https:\/\/conurbanodiario.com.ar\/index.php?rest_route=%2Fwp%2Fv2%2Ftags&post=5240"}],"curies":[{"name":"wp","href":"https:\/\/api.w.org\/{rel}","templated":true}]}}