{"id":5237,"date":"2020-06-24T03:00:00","date_gmt":"2020-06-24T06:00:00","guid":{"rendered":"http:\/\/conurbanodiario.com.ar\/?p=5237"},"modified":"2020-06-24T03:23:40","modified_gmt":"2020-06-24T06:23:40","slug":"avellaneda-el-bloque-de-concejales-del-frente-de-todos-repudio-las-palabras-de-baby-etchecopar","status":"publish","type":"post","link":"https:\/\/conurbanodiario.com.ar\/?p=5237","title":{"rendered":"AVELLANEDA: EL BLOQUE DE CONCEJALES DEL FRENTE DE TODOS REPUDI\u00d3 LAS PALABRAS DE BABY ETCHECOPAR"},"content":{"rendered":"\n<p>El bloque de concejalxs del Frente de Todos de Avellaneda se manifest\u00f3 de manera contundente, rechazando las descalificaciones y agravios del periodista Baby Etchecopar contra la vicepresidenta Cristina Fernandez de Kirchner, el pasado s\u00e1bado en el programa \u201cLa Noche de Mirtha Legrand\u201c, de Canal 13.<\/p>\n\n\n\n<p>El comunicado del bloque dice: \u201cExpresiones como esas no pueden pasarse por alto, porque recuerdan una \u00e9poca muy triste de nuestro pa\u00eds, incluso utilizando los mismos t\u00e9rminos que usaban quienes amparaban los golpes de estado que provocaron los tiempos m\u00e1s oscuros para nuestra Patria. En tiempos de crisis y cuando desde los sectores m\u00e1s responsables de la pol\u00edtica se trabaja para achicar la grieta y sobrellevar la emergencia sanitaria de la mejor manera, repudiamos en\u00e9rgicamente este tipo de declaraciones que solo promueven el odio y la misoginia\u201d.<\/p>\n","protected":false},"excerpt":{"rendered":"<p>El bloque de concejalxs del Frente de Todos de Avellaneda se manifest\u00f3 de manera contundente,&#8230;<\/p>\n","protected":false},"author":1,"featured_media":59656,"comment_status":"open","ping_status":"open","sticky":false,"template":"","format":"standard","meta":{"footnotes":""},"categories":[35],"tags":[],"class_list":["post-5237","post","type-post","status-publish","format-standard","has-post-thumbnail","hentry","category-politica"],"_links":{"self":[{"href":"https:\/\/conurbanodiario.com.ar\/index.php?rest_route=\/wp\/v2\/posts\/5237","targetHints":{"allow":["GET"]}}],"collection":[{"href":"https:\/\/conurbanodiario.com.ar\/index.php?rest_route=\/wp\/v2\/posts"}],"about":[{"href":"https:\/\/conurbanodiario.com.ar\/index.php?rest_route=\/wp\/v2\/types\/post"}],"author":[{"embeddable":true,"href":"https:\/\/conurbanodiario.com.ar\/index.php?rest_route=\/wp\/v2\/users\/1"}],"replies":[{"embeddable":true,"href":"https:\/\/conurbanodiario.com.ar\/index.php?rest_route=%2Fwp%2Fv2%2Fcomments&post=5237"}],"version-history":[{"count":1,"href":"https:\/\/conurbanodiario.com.ar\/index.php?rest_route=\/wp\/v2\/posts\/5237\/revisions"}],"predecessor-version":[{"id":5239,"href":"https:\/\/conurbanodiario.com.ar\/index.php?rest_route=\/wp\/v2\/posts\/5237\/revisions\/5239"}],"wp:featuredmedia":[{"embeddable":true,"href":"https:\/\/conurbanodiario.com.ar\/index.php?rest_route=\/wp\/v2\/media\/59656"}],"wp:attachment":[{"href":"https:\/\/conurbanodiario.com.ar\/index.php?rest_route=%2Fwp%2Fv2%2Fmedia&parent=5237"}],"wp:term":[{"taxonomy":"category","embeddable":true,"href":"https:\/\/conurbanodiario.com.ar\/index.php?rest_route=%2Fwp%2Fv2%2Fcategories&post=5237"},{"taxonomy":"post_tag","embeddable":true,"href":"https:\/\/conurbanodiario.com.ar\/index.php?rest_route=%2Fwp%2Fv2%2Ftags&post=5237"}],"curies":[{"name":"wp","href":"https:\/\/api.w.org\/{rel}","templated":true}]}}