{"id":5225,"date":"2020-06-24T03:01:33","date_gmt":"2020-06-24T06:01:33","guid":{"rendered":"http:\/\/conurbanodiario.com.ar\/?p=5225"},"modified":"2020-06-24T03:01:35","modified_gmt":"2020-06-24T06:01:35","slug":"reabrieron-el-barrio-cabezas-tras-23-dias-de-aislamiento-parcial-por-brote-de-coronavirus","status":"publish","type":"post","link":"https:\/\/conurbanodiario.com.ar\/?p=5225","title":{"rendered":"REABRIERON EL BARRIO CABEZAS TRAS 23 D\u00cdAS DE AISLAMIENTO PARCIAL POR BROTE DE CORONAVIRUS"},"content":{"rendered":"\n<p>Los municipios de Ensenada y Berisso resolvieron la apertura del barrio popular Jos\u00e9 Luis Cabezas, que se extiende entre ambos distritos, tras 23 d\u00edas de aislamiento parcial debido a un brote de 65 casos de coronavirus, inform\u00f3 la Regi\u00f3n Sanitaria XI.<\/p>\n\n\n\n<p>El sector, aislado desde el 1 de junio \u00faltimo, se compone de 52 viviendas que no constituyen la totalidad del barrio.<\/p>\n\n\n\n<p>A partir de ese momento, promotores de Salud, capacitados por la Regi\u00f3n Sanitaria XI, realizaron controles sanitarios y detecci\u00f3n de s\u00edntomas de posible Covid-19, casa por casa; en tanto, en simult\u00e1neo, los municipios de Berisso y Ensenada, junto al gobierno bonaerense, prove\u00edan asistencia alimentaria a los vecinos.<\/p>\n\n\n\n<p>El aislamiento parcial se dispuso al detectarse un brote de 39 casos y tras la detecci\u00f3n casa por casa se identificaron otros 26 casos, por lo que los casos en el barrio ascendieron a 65.<\/p>\n\n\n\n<p>Claudio Cardoso, director de la Regi\u00f3n Sanitaria XI, explic\u00f3 que analizaron \u00abcon las secretarias de Salud de ambos municipios la situaci\u00f3n epidemiol\u00f3gica, y en virtud de que no se produjeron nuevos casos y los que estaban en curso han sido dados de alta, se comunic\u00f3 esta situaci\u00f3n a los intendentes y ellos decidieron levantar el boqueo del barrio\u00bb.<\/p>\n\n\n\n<p>\u00abYa no hay peligro cierto de un brote excesivo, seguimos monitoreando la situaci\u00f3n porque puede aparecer otro caso en otro punto del barrio, pero ya no un brote o pico como el que nos oblig\u00f3 a aislar la zona\u00bb, dijo Cardoso.<\/p>\n\n\n\n<p>El m\u00e9dico remarc\u00f3 que \u00abhubo 65 casos confirmados y alguno a\u00fan est\u00e1 en estudio, pero hay que destacar que no se produjeron v\u00edctimas fatales y el bloqueo se desarroll\u00f3 en paz y con tranquilidad por parte de los ciudadanos\u00bb.<\/p>\n\n\n\n<p>\u00abPrim\u00f3 siempre la solidaridad entre ellos, no hubo actitudes discriminatorias para los que estaban en zona bloqueada, prim\u00f3 la colaboraci\u00f3n por parte del resto en todo lo que necesitaran los que estaban en bloqueo\u00bb, destac\u00f3 Cardoso.<\/p>\n\n\n\n<p>El intendente de Ensenada, Mario Secco, y su par de Berisso, Fabi\u00e1n Cagliardi, se presentaron ayer en el Barrio Jos\u00e9 Luis Cabezas y tras el informe sanitario resolvieron la apertura y vuelta a la normalidad del mismo.<\/p>\n\n\n\n<p>\u00abFue muy emotivo, la gente estaba muy contenta de c\u00f3mo se hab\u00eda resuelto la situaci\u00f3n y la asistencia recibida por ambos municipios durante el aislamiento parcial\u00bb, precisaron.<\/p>\n","protected":false},"excerpt":{"rendered":"<p>Los municipios de Ensenada y Berisso resolvieron la apertura del barrio popular Jos\u00e9 Luis Cabezas,&#8230;<\/p>\n","protected":false},"author":1,"featured_media":59656,"comment_status":"open","ping_status":"open","sticky":false,"template":"","format":"standard","meta":{"footnotes":""},"categories":[28],"tags":[],"class_list":["post-5225","post","type-post","status-publish","format-standard","has-post-thumbnail","hentry","category-la-provincia"],"_links":{"self":[{"href":"https:\/\/conurbanodiario.com.ar\/index.php?rest_route=\/wp\/v2\/posts\/5225","targetHints":{"allow":["GET"]}}],"collection":[{"href":"https:\/\/conurbanodiario.com.ar\/index.php?rest_route=\/wp\/v2\/posts"}],"about":[{"href":"https:\/\/conurbanodiario.com.ar\/index.php?rest_route=\/wp\/v2\/types\/post"}],"author":[{"embeddable":true,"href":"https:\/\/conurbanodiario.com.ar\/index.php?rest_route=\/wp\/v2\/users\/1"}],"replies":[{"embeddable":true,"href":"https:\/\/conurbanodiario.com.ar\/index.php?rest_route=%2Fwp%2Fv2%2Fcomments&post=5225"}],"version-history":[{"count":1,"href":"https:\/\/conurbanodiario.com.ar\/index.php?rest_route=\/wp\/v2\/posts\/5225\/revisions"}],"predecessor-version":[{"id":5227,"href":"https:\/\/conurbanodiario.com.ar\/index.php?rest_route=\/wp\/v2\/posts\/5225\/revisions\/5227"}],"wp:featuredmedia":[{"embeddable":true,"href":"https:\/\/conurbanodiario.com.ar\/index.php?rest_route=\/wp\/v2\/media\/59656"}],"wp:attachment":[{"href":"https:\/\/conurbanodiario.com.ar\/index.php?rest_route=%2Fwp%2Fv2%2Fmedia&parent=5225"}],"wp:term":[{"taxonomy":"category","embeddable":true,"href":"https:\/\/conurbanodiario.com.ar\/index.php?rest_route=%2Fwp%2Fv2%2Fcategories&post=5225"},{"taxonomy":"post_tag","embeddable":true,"href":"https:\/\/conurbanodiario.com.ar\/index.php?rest_route=%2Fwp%2Fv2%2Ftags&post=5225"}],"curies":[{"name":"wp","href":"https:\/\/api.w.org\/{rel}","templated":true}]}}