{"id":5222,"date":"2020-06-24T03:07:00","date_gmt":"2020-06-24T06:07:00","guid":{"rendered":"http:\/\/conurbanodiario.com.ar\/?p=5222"},"modified":"2020-06-24T02:51:26","modified_gmt":"2020-06-24T05:51:26","slug":"kun-aguero-viaja-a-barcelona-para-tratar-su-lesion-en-la-rodilla-izquierda","status":"publish","type":"post","link":"https:\/\/conurbanodiario.com.ar\/?p=5222","title":{"rendered":"\u00abKUN\u00bb AG\u00dcERO VIAJA A BARCELONA PARA TRATAR SU LESI\u00d3N EN LA RODILLA IZQUIERDA"},"content":{"rendered":"\n<p>El delantero argentino Sergio \u00abKun\u00bb Ag\u00fcero viajar\u00e1 a Barcelona para tratar su lesi\u00f3n en la rodilla izquierda con el m\u00e9dico especialista Ram\u00f3n Cugat, seg\u00fan confirm\u00f3 Manchester City.<\/p>\n\n\n\n<p>El club ingl\u00e9s inform\u00f3 que Ag\u00fcero sufri\u00f3 una lesi\u00f3n en la rodilla izquierda y que viajar\u00e1 a Barcelona para tratarse con el Dr. Ram\u00f3n Cugat, un m\u00e9dico traumat\u00f3logo especialista, que ya lo oper\u00f3 en 2018.<\/p>\n\n\n\n<p>El parte m\u00e9dico del City no especific\u00f3 sobre una posible operaci\u00f3n de meniscos, tal como hab\u00eda adelantado el padre del \u00abKun\u00bb, Leonel Del Castillo, el lunes por la noche.<\/p>\n\n\n\n<p>Se especula que despu\u00e9s de una eventual cirug\u00eda, el m\u00e1ximo goleador de la historia de Manchester City tenga por delante una recuperaci\u00f3n de entre cinco y seis semanas.<\/p>\n\n\n\n<p>La preocupaci\u00f3n pasa por si llegar\u00e1 en condiciones a la reanudaci\u00f3n de la Liga de Campeones de Europa, que ser\u00e1 con el partido de vuelta de los octavos de final ante Real Madrid, al que venci\u00f3 por 2-1 en Espa\u00f1a.<\/p>\n\n\n\n<p>El partido se jugar\u00e1 el 7 u 8 de agosto pero a fin de mes se definir\u00e1 si ser\u00e1 en Inglaterra o directamente en Portugal, la sede elegida por UEFA para completar la competici\u00f3n a partir de cuartos de final.<\/p>\n\n\n\n<p>En la goleada del City por 5-0 sobre Burnley, Ag\u00fcero sali\u00f3 lesionado en la primera etapa de su primer partido de titular luego de la vuelta a la actividad tras un encontronazo con el defensor Ben Mee.<\/p>\n","protected":false},"excerpt":{"rendered":"<p>El delantero argentino Sergio \u00abKun\u00bb Ag\u00fcero viajar\u00e1 a Barcelona para tratar su lesi\u00f3n en la&#8230;<\/p>\n","protected":false},"author":1,"featured_media":59656,"comment_status":"open","ping_status":"open","sticky":false,"template":"","format":"standard","meta":{"footnotes":""},"categories":[32],"tags":[],"class_list":["post-5222","post","type-post","status-publish","format-standard","has-post-thumbnail","hentry","category-deportes"],"_links":{"self":[{"href":"https:\/\/conurbanodiario.com.ar\/index.php?rest_route=\/wp\/v2\/posts\/5222","targetHints":{"allow":["GET"]}}],"collection":[{"href":"https:\/\/conurbanodiario.com.ar\/index.php?rest_route=\/wp\/v2\/posts"}],"about":[{"href":"https:\/\/conurbanodiario.com.ar\/index.php?rest_route=\/wp\/v2\/types\/post"}],"author":[{"embeddable":true,"href":"https:\/\/conurbanodiario.com.ar\/index.php?rest_route=\/wp\/v2\/users\/1"}],"replies":[{"embeddable":true,"href":"https:\/\/conurbanodiario.com.ar\/index.php?rest_route=%2Fwp%2Fv2%2Fcomments&post=5222"}],"version-history":[{"count":1,"href":"https:\/\/conurbanodiario.com.ar\/index.php?rest_route=\/wp\/v2\/posts\/5222\/revisions"}],"predecessor-version":[{"id":5224,"href":"https:\/\/conurbanodiario.com.ar\/index.php?rest_route=\/wp\/v2\/posts\/5222\/revisions\/5224"}],"wp:featuredmedia":[{"embeddable":true,"href":"https:\/\/conurbanodiario.com.ar\/index.php?rest_route=\/wp\/v2\/media\/59656"}],"wp:attachment":[{"href":"https:\/\/conurbanodiario.com.ar\/index.php?rest_route=%2Fwp%2Fv2%2Fmedia&parent=5222"}],"wp:term":[{"taxonomy":"category","embeddable":true,"href":"https:\/\/conurbanodiario.com.ar\/index.php?rest_route=%2Fwp%2Fv2%2Fcategories&post=5222"},{"taxonomy":"post_tag","embeddable":true,"href":"https:\/\/conurbanodiario.com.ar\/index.php?rest_route=%2Fwp%2Fv2%2Ftags&post=5222"}],"curies":[{"name":"wp","href":"https:\/\/api.w.org\/{rel}","templated":true}]}}