{"id":5212,"date":"2020-06-24T02:22:19","date_gmt":"2020-06-24T05:22:19","guid":{"rendered":"http:\/\/conurbanodiario.com.ar\/?p=5212"},"modified":"2020-08-12T22:08:19","modified_gmt":"2020-08-13T01:08:19","slug":"kicillof-anticipo-que-junto-a-nacion-y-ciudad-preven-una-cuarentena-muy-estricta-de-15-dias","status":"publish","type":"post","link":"https:\/\/conurbanodiario.com.ar\/?p=5212","title":{"rendered":"KICILLOF ANTICIP\u00d3 QUE JUNTO A NACI\u00d3N Y CIUDAD PREV\u00c9N UNA \u00abCUARENTENA MUY ESTRICTA DE 15 D\u00cdAS\u00bb"},"content":{"rendered":"\n<p>El gobernador bonaerense, Axel Kicillof, anticip\u00f3 ayer que junto a los gobiernos nacional y porte\u00f1o se est\u00e1 previendo una \u00abcuarentena muy estricta de 15 d\u00edas\u00bb en el \u00c1rea Metropolitana de Buenos Aires (AMBA) para hacer frente a la pandemia de coronavirus, despu\u00e9s de reunirse con el comit\u00e9 de expertos sanitarios que lo asesora.<\/p>\n\n\n\n<p>\u00abHay que evitar el desplazamiento, porque es as\u00ed como desde la Ciudad de Buenos Aires, que fue el primer foco, se fue expandiendo hacia otras zonas, y ahora lo tenemos circulando en el Conurbano\u00bb, sostuvo Kicillof sobre la enfermedad.<\/p>\n\n\n\n<p>En declaraciones al canal C5N, el mandatario provincial anticip\u00f3 que junto al presidente Alberto Fern\u00e1ndez y el jefe de Gobierno porte\u00f1o, Horacio Rodr\u00edguez Larreta, se est\u00e1n \u00abpreviendo 15 d\u00edas de una cuarentena muy estricta\u00bb en el AMBA, que es, dijo, \u00abuna forma de hacer una especie de contrato\u00bb con la sociedad.<\/p>\n\n\n\n<p><strong>El comit\u00e9 de expertos sanitarios bonaerenses recomend\u00f3 la adopci\u00f3n de medidas m\u00e1s restrictivas para frenar la movilidad en el AMBA.<\/strong><\/p>\n\n\n\n<p>\u00abEstamos teniendo un crecimiento clar\u00edsimo de los contagios y de la utilizaci\u00f3n de los recursos sanitarios. Estamos de acuerdo, junto al gobierno nacional y de la Ciudad, en que si esto se sostiene tendremos que avanzar hacia un aislamiento m\u00e1s r\u00edgido\u00bb, explic\u00f3 Kicillof.<\/p>\n\n\n\n<p>La reuni\u00f3n con expertos<br>Seg\u00fan inform\u00f3 la gobernaci\u00f3n, de la reuni\u00f3n que mantuvo el mandatario provincial con los expertos participaron adem\u00e1s por teleconferencia alrededor de 40 intendentes bonaerenses.<\/p>\n\n\n\n<p>Kicillof asegur\u00f3 que \u00abestos casi 100 d\u00edas de cuarentena sirvieron para que hoy tengamos este nivel de contagios a\u00fan controlable. Lo que hicimos hasta ac\u00e1 vali\u00f3 la pena, dar un paso hacia una medida m\u00e1s restrictiva para cuidar la salud de todos y todas no significa una derrota\u00bb.<\/p>\n\n\n\n<p>En relaci\u00f3n a la circulaci\u00f3n del virus, el gobernador insisti\u00f3 que \u00absigue habiendo dos realidades paralelas en la Provincia: por un lado el interior bonaerense con focos espec\u00edficos que se contuvieron, y la situaci\u00f3n del AMBA y de los cordones contiguos a la Ciudad de Buenos Aires, en los que se ve con mayor intensidad un fen\u00f3meno de expansi\u00f3n del COVID-19\u00bb.<\/p>\n\n\n\n<p>Los expertos coincidieron en la necesidad de avanzar hacia medidas m\u00e1s restrictivas para frenar la movilidad en el \u00e1rea metropolitana, y de seguir generando conciencia colectiva con informaci\u00f3n clara sobre la necesidad de cumplir estrictamente con las normas de aislamiento y distanciamiento social, consign\u00f3 la gobernaci\u00f3n.<\/p>\n\n\n\n<p><strong>El ministro de Salud provincial, Daniel Gollan&nbsp;<\/strong>precis\u00f3 que \u00abmientras el nivel de contagio y expansi\u00f3n del virus siga con esta tendencia en el AMBA, es un peligro latente para toda la provincia\u00bb.<\/p>\n\n\n\n<p>\u00abEs sumamente importante seguir poniendo todos los esfuerzos en tres ejes: la disminuci\u00f3n de la circulaci\u00f3n y la movilidad en el \u00e1rea metropolitana; continuar con los operativos del Plan Detectar (que ya se realizaron en 19 municipios a 243 mil personas); y la gesti\u00f3n de nuevas camas y equipamiento para el sistema sanitario bonaerense\u00bb, grafic\u00f3.<\/p>\n\n\n\n<p><strong>El comit\u00e9 est\u00e1 compuesto por m\u00e9dicas y m\u00e9dicos especializados en epidemiolog\u00eda, infectolog\u00eda, salud p\u00fablica; cient\u00edficos; bioqu\u00edmicos y especialistas en virolog\u00eda; psiquiatras; f\u00edsicos; matem\u00e1ticos; antrop\u00f3logos; y autoridades universitarias y de centros de investigaci\u00f3n.<\/strong><\/p>\n\n\n\n<p>Participaron tambi\u00e9n de la reuni\u00f3n el viceministro de Salud, Nicol\u00e1s Kreplak; el ministro de Desarrollo de la Comunidad, Andr\u00e9s Larroque; su par de Gobierno, Mar\u00eda Teresa Garc\u00eda; el jefe de Gabinete bonaerense, Carlos Bianco; la vicegobernadora, Ver\u00f3nica Magario y el presidente de la C\u00e1mara de Diputados, Federico Oterm\u00edn, entre otros.<\/p>\n","protected":false},"excerpt":{"rendered":"<p>El gobernador bonaerense, Axel Kicillof, anticip\u00f3 ayer que junto a los gobiernos nacional y porte\u00f1o&#8230;<\/p>\n","protected":false},"author":1,"featured_media":59656,"comment_status":"open","ping_status":"open","sticky":false,"template":"","format":"standard","meta":{"footnotes":""},"categories":[31],"tags":[],"class_list":["post-5212","post","type-post","status-publish","format-standard","has-post-thumbnail","hentry","category-salud"],"_links":{"self":[{"href":"https:\/\/conurbanodiario.com.ar\/index.php?rest_route=\/wp\/v2\/posts\/5212","targetHints":{"allow":["GET"]}}],"collection":[{"href":"https:\/\/conurbanodiario.com.ar\/index.php?rest_route=\/wp\/v2\/posts"}],"about":[{"href":"https:\/\/conurbanodiario.com.ar\/index.php?rest_route=\/wp\/v2\/types\/post"}],"author":[{"embeddable":true,"href":"https:\/\/conurbanodiario.com.ar\/index.php?rest_route=\/wp\/v2\/users\/1"}],"replies":[{"embeddable":true,"href":"https:\/\/conurbanodiario.com.ar\/index.php?rest_route=%2Fwp%2Fv2%2Fcomments&post=5212"}],"version-history":[{"count":1,"href":"https:\/\/conurbanodiario.com.ar\/index.php?rest_route=\/wp\/v2\/posts\/5212\/revisions"}],"predecessor-version":[{"id":5215,"href":"https:\/\/conurbanodiario.com.ar\/index.php?rest_route=\/wp\/v2\/posts\/5212\/revisions\/5215"}],"wp:featuredmedia":[{"embeddable":true,"href":"https:\/\/conurbanodiario.com.ar\/index.php?rest_route=\/wp\/v2\/media\/59656"}],"wp:attachment":[{"href":"https:\/\/conurbanodiario.com.ar\/index.php?rest_route=%2Fwp%2Fv2%2Fmedia&parent=5212"}],"wp:term":[{"taxonomy":"category","embeddable":true,"href":"https:\/\/conurbanodiario.com.ar\/index.php?rest_route=%2Fwp%2Fv2%2Fcategories&post=5212"},{"taxonomy":"post_tag","embeddable":true,"href":"https:\/\/conurbanodiario.com.ar\/index.php?rest_route=%2Fwp%2Fv2%2Ftags&post=5212"}],"curies":[{"name":"wp","href":"https:\/\/api.w.org\/{rel}","templated":true}]}}