{"id":5209,"date":"2020-06-24T02:11:39","date_gmt":"2020-06-24T05:11:39","guid":{"rendered":"http:\/\/conurbanodiario.com.ar\/?p=5209"},"modified":"2020-06-24T02:11:40","modified_gmt":"2020-06-24T05:11:40","slug":"la-uia-pide-mas-financiamiento-para-las-empresas-y-que-continue-el-programa-de-ayuda-atp","status":"publish","type":"post","link":"https:\/\/conurbanodiario.com.ar\/?p=5209","title":{"rendered":"LA UIA PIDE M\u00c1S FINANCIAMIENTO PARA LAS EMPRESAS Y QUE CONTIN\u00daE EL PROGRAMA DE AYUDA ATP"},"content":{"rendered":"\n<p><strong>El Comit\u00e9 Ejecutivo de Uni\u00f3n Industrial Argentina (UIA) pidi\u00f3 ayer martes al ministro de Desarrollo Productivo, Mat\u00edas Kulfas, profundizar e incrementar la oferta de financiamiento existente para el sector, as\u00ed como la continuidad del Programa de Asistencia al Trabajo y la Producci\u00f3n (ATP).<\/strong><\/p>\n\n\n\n<p>Por el lado de los industriales, participaron el presidente de la UIA, Miguel Acevedo, y miembros del Comit\u00e9 Ejecutivo, como Luis Betnaza, Daniel Funes de Rioja, Adri\u00e1n Kaufman Brea, Guillermo Moretti y Jos\u00e9 Urtubey.<\/p>\n\n\n\n<p>La UIA inform\u00f3, tras la reuni\u00f3n virtual, que los ejes del di\u00e1logo fueron la continuidad del programa ATP, y los resultados del \u00faltimo relevamiento sobre actividad industrial que realiz\u00f3 la entidad, la prolongaci\u00f3n del aislamiento social y las necesidades de financiamiento ante la compleja situaci\u00f3n industrial.<\/p>\n\n\n\n<p>Adem\u00e1s, analizaron el nuevo esquema sobre el que est\u00e1 trabajando el Ministerio de Desarrollo Producutivo para restituir los beneficios a las econom\u00edas regionales previstos por el Decreto 814\/01, y derogados por la gesti\u00f3n Cambiemos en 2017<\/p>\n\n\n\n<p>\u00abLos incentivos de dicha norma ser\u00e1n claves para fortalecer la producci\u00f3n industrial en todas las provincias y dinamizar la generaci\u00f3n de empleo una vez finalizada la pandemia\u00bb, se\u00f1al\u00f3 la UIA en un comunicado.<\/p>\n\n\n\n<p>Los representantes industriales manifestaron la importancia de que el Programa ATP \u00abcontin\u00fae en el actual contexto de aislamiento social y ca\u00edda de la actividad econ\u00f3mica\u00bb.<\/p>\n\n\n\n<p>Adem\u00e1s, la UIA plante\u00f3 la necesidad de profundizar e incrementar la oferta vigente en las l\u00edneas de financiamiento productivo.<\/p>\n\n\n\n<p>Al respecto, se explic\u00f3 que la necesidad de mayor financiamiento responde tanto a la necesidad de hacer frente al capital de trabajo de las empresas que vuelven a la actividad como para cubrir el pago de salarios y solucionar las dificultades que se presentan con el pago de aguinaldos.<\/p>\n\n\n\n<p>Para abordar de manera integral los problemas vinculados al financiamiento, la entidad fabril present\u00f3 \u00abun conjunto de iniciativas que buscan ampliar el universo de empresas con acceso a l\u00edneas crediticias, y que hoy se encuentran excluidas por su dimensi\u00f3n o por el impacto del estr\u00e9s financiero que produce la pandemia\u00bb.<\/p>\n\n\n\n<p>Seg\u00fan la UIA, Kulfas ponder\u00f3 \u00abel rol estrat\u00e9gico del sector productivo en la emergencia sanitaria y la relevancia que tendr\u00e1 en la post-pandemia\u00bb.<\/p>\n\n\n\n<p>En ese marco, se destac\u00f3, en particular, la inversi\u00f3n que la industria est\u00e1 realizando para implementar los protocolos sanitarios y el esfuerzo para garantizar el traslado de los trabajadores industriales.<\/p>\n","protected":false},"excerpt":{"rendered":"<p>El Comit\u00e9 Ejecutivo de Uni\u00f3n Industrial Argentina (UIA) pidi\u00f3 ayer martes al ministro de Desarrollo&#8230;<\/p>\n","protected":false},"author":1,"featured_media":59656,"comment_status":"open","ping_status":"open","sticky":false,"template":"","format":"standard","meta":{"footnotes":""},"categories":[5],"tags":[],"class_list":["post-5209","post","type-post","status-publish","format-standard","has-post-thumbnail","hentry","category-el-pais"],"_links":{"self":[{"href":"https:\/\/conurbanodiario.com.ar\/index.php?rest_route=\/wp\/v2\/posts\/5209","targetHints":{"allow":["GET"]}}],"collection":[{"href":"https:\/\/conurbanodiario.com.ar\/index.php?rest_route=\/wp\/v2\/posts"}],"about":[{"href":"https:\/\/conurbanodiario.com.ar\/index.php?rest_route=\/wp\/v2\/types\/post"}],"author":[{"embeddable":true,"href":"https:\/\/conurbanodiario.com.ar\/index.php?rest_route=\/wp\/v2\/users\/1"}],"replies":[{"embeddable":true,"href":"https:\/\/conurbanodiario.com.ar\/index.php?rest_route=%2Fwp%2Fv2%2Fcomments&post=5209"}],"version-history":[{"count":1,"href":"https:\/\/conurbanodiario.com.ar\/index.php?rest_route=\/wp\/v2\/posts\/5209\/revisions"}],"predecessor-version":[{"id":5211,"href":"https:\/\/conurbanodiario.com.ar\/index.php?rest_route=\/wp\/v2\/posts\/5209\/revisions\/5211"}],"wp:featuredmedia":[{"embeddable":true,"href":"https:\/\/conurbanodiario.com.ar\/index.php?rest_route=\/wp\/v2\/media\/59656"}],"wp:attachment":[{"href":"https:\/\/conurbanodiario.com.ar\/index.php?rest_route=%2Fwp%2Fv2%2Fmedia&parent=5209"}],"wp:term":[{"taxonomy":"category","embeddable":true,"href":"https:\/\/conurbanodiario.com.ar\/index.php?rest_route=%2Fwp%2Fv2%2Fcategories&post=5209"},{"taxonomy":"post_tag","embeddable":true,"href":"https:\/\/conurbanodiario.com.ar\/index.php?rest_route=%2Fwp%2Fv2%2Ftags&post=5209"}],"curies":[{"name":"wp","href":"https:\/\/api.w.org\/{rel}","templated":true}]}}