{"id":5203,"date":"2020-06-24T01:47:51","date_gmt":"2020-06-24T04:47:51","guid":{"rendered":"http:\/\/conurbanodiario.com.ar\/?p=5203"},"modified":"2020-06-24T01:50:49","modified_gmt":"2020-06-24T04:50:49","slug":"el-pbi-cayo-54-en-el-primer-trimestre-y-la-desocupacion-subio-hasta-el-104","status":"publish","type":"post","link":"https:\/\/conurbanodiario.com.ar\/?p=5203","title":{"rendered":"EL PBI CAY\u00d3 5,4% EN EL PRIMER TRIMESTRE Y LA DESOCUPACI\u00d3N SUBI\u00d3 HASTA EL 10,4%"},"content":{"rendered":"\n<p>El Producto Bruto Interno (PBI) retrocedi\u00f3 5,4% durante el primer trimestre del a\u00f1o, mientras que el desempleo subi\u00f3 hasta el 10,4.%, inform\u00f3 el Instituto Nacional de Estad\u00edstica y Censos (Indec).<\/p>\n\n\n\n<p>De esta forma, la tasa de desempleo marc\u00f3 un avance de tres d\u00e9cimas respecto al primer trimestre de 2019, cuando se ubic\u00f3 en 10,1%. En tanto, frente al \u00faltimo trimestre del a\u00f1o pasado, la suba fue de 1,5 puntos porcentual, debido a que la medici\u00f3n fue de 8,9%.<\/p>\n\n\n\n<p>Respecto al \u00faltimo trimestre de 2019, el nivel de actividad de la econom\u00eda se contrajo 4,8%, precis\u00f3 el Indec.<\/p>\n\n\n\n<p>La ca\u00edda del PBI del primer trimestre del corriente a\u00f1o se registr\u00f3 antes de que comenzara a pleno el aislamiento sanitario preventivo obligatorio (ASPO) dispuesto por el gobierno nacional el 20 de marzo pasado.<\/p>\n\n\n\n<p>Durante el primer bimestre del a\u00f1o, en base al indicador de actividad mensual, la econom\u00eda marc\u00f3 un retroceso de 2,1%, esencialmente por la paralizaci\u00f3n de la obra p\u00fablica y la falta de inversiones privadas respecto a igual per\u00edodo anterior.<\/p>\n\n\n\n<p>Adem\u00e1s, la econom\u00eda arrastraba dos a\u00f1os sucesivos de ca\u00eddas, de 2,1% en 2019 y de 2,6% en 2018.<\/p>\n\n\n\n<p>En medio de esta baja en la actividad econ\u00f3mica, el \u00edndice de sub ocupaci\u00f3n demandante ascendi\u00f3 al t\u00e9rmino del primer trimestre del a\u00f1o al 8,2% contra el 8,4% de igual per\u00edodo del a\u00f1o pasado, y del 9,5% del trimestre octubre-diciembre de 2019.<\/p>\n\n\n\n<p>Por su parte, la sub ocupaci\u00f3n no demandante, que refleja a quienes trabajan hasta 35 horas semanales y no buscan incrementar esa carga, se mantuvo casi sin cambios en 3,5%, apenas una d\u00e9cima por encima del 3,4% del per\u00edodo enero-marzo de 2019, y una d\u00e9cima menos que el 3,6% del \u00faltimo cuatrimestre del a\u00f1o pasado.<\/p>\n\n\n\n<p>La dependencia oficial inform\u00f3 tambi\u00e9n que la Formaci\u00f3n Bruta de Capital Fijo, seg\u00fan estimaciones preliminares, experiment\u00f3 en el primer trimestre de 2020 una disminuci\u00f3n de 18,3% respecto del mismo per\u00edodo de 2019.<\/p>\n\n\n\n<p>Esta merma se debi\u00f3 a una ca\u00edda de 24,5% de la inversi\u00f3n en construcciones, un descenso de 17,3% de otras construcciones, el retroceso de 13 % en maquinaria y equipo y una baja de 12,9% en equipo de transporte.<\/p>\n\n\n\n<p>Dentro de maquinaria y equipo, el componente nacional descendi\u00f3 un 5,9% y el componente importado se contrajo un 16,2%. En equipo de transporte el componente nacional se retrotrajo 14,6% y el importado decreci\u00f3 9,7%.<\/p>\n\n\n\n<p>En cuanto a la variaci\u00f3n en el nivel de actividad econ\u00f3mica seg\u00fan los distintos rubros, en el primer trimestre del corriente a\u00f1o solo eludieron la tendencia declinante explotaci\u00f3n de minas y canteras, que subi\u00f3 0,3%; distribuci\u00f3n de electricidad, gas y agua, con un avance interanual de 3,8%; ense\u00f1anza, con una mejora de 1,2%, y la Administraci\u00f3n P\u00fablica, con un incremento de 0,2%.<\/p>\n\n\n\n<p>En tanto, las ca\u00eddas m\u00e1s significativas se anotaron en agricultura, ganader\u00eda y sivicultura (-6,2%); pesca (-30,4%); industria manufacturera (-6,5%); construcci\u00f3n (-0,8%) y comercio mayorista y minorista (-6,5%).<\/p>\n\n\n\n<p>Por su parte, el rubro hoteles y restaurantes retrocedi\u00f3 10,2% interanual, transporte y comunicaciones, (- 5,4%); Intermediaci\u00f3n Financiera, (-5,9%); actividades inmobiliarias, (-2%), y servicios sociales y de Salud, (-3,7%).<\/p>\n\n\n\n<p>Los principales actores econ\u00f3micos del mercado, en base a la medici\u00f3n de expectativas del Banco Central, proyectan una ca\u00edda en el nivel de actividad del 9,5%, afectado por las restricciones impuestas para morigerar el avance del coronavirus.<\/p>\n\n\n\n<p>De esta forma, en base al informe del Indec, durante el primer trimestre del corriente a\u00f1o a precios corrientes, el PBI se ubic\u00f3 en 25 billones 352.325 millones de pesos.<\/p>\n","protected":false},"excerpt":{"rendered":"<p>El Producto Bruto Interno (PBI) retrocedi\u00f3 5,4% durante el primer trimestre del a\u00f1o, mientras que&#8230;<\/p>\n","protected":false},"author":1,"featured_media":59656,"comment_status":"open","ping_status":"open","sticky":false,"template":"","format":"standard","meta":{"footnotes":""},"categories":[5],"tags":[],"class_list":["post-5203","post","type-post","status-publish","format-standard","has-post-thumbnail","hentry","category-el-pais"],"_links":{"self":[{"href":"https:\/\/conurbanodiario.com.ar\/index.php?rest_route=\/wp\/v2\/posts\/5203","targetHints":{"allow":["GET"]}}],"collection":[{"href":"https:\/\/conurbanodiario.com.ar\/index.php?rest_route=\/wp\/v2\/posts"}],"about":[{"href":"https:\/\/conurbanodiario.com.ar\/index.php?rest_route=\/wp\/v2\/types\/post"}],"author":[{"embeddable":true,"href":"https:\/\/conurbanodiario.com.ar\/index.php?rest_route=\/wp\/v2\/users\/1"}],"replies":[{"embeddable":true,"href":"https:\/\/conurbanodiario.com.ar\/index.php?rest_route=%2Fwp%2Fv2%2Fcomments&post=5203"}],"version-history":[{"count":1,"href":"https:\/\/conurbanodiario.com.ar\/index.php?rest_route=\/wp\/v2\/posts\/5203\/revisions"}],"predecessor-version":[{"id":5204,"href":"https:\/\/conurbanodiario.com.ar\/index.php?rest_route=\/wp\/v2\/posts\/5203\/revisions\/5204"}],"wp:featuredmedia":[{"embeddable":true,"href":"https:\/\/conurbanodiario.com.ar\/index.php?rest_route=\/wp\/v2\/media\/59656"}],"wp:attachment":[{"href":"https:\/\/conurbanodiario.com.ar\/index.php?rest_route=%2Fwp%2Fv2%2Fmedia&parent=5203"}],"wp:term":[{"taxonomy":"category","embeddable":true,"href":"https:\/\/conurbanodiario.com.ar\/index.php?rest_route=%2Fwp%2Fv2%2Fcategories&post=5203"},{"taxonomy":"post_tag","embeddable":true,"href":"https:\/\/conurbanodiario.com.ar\/index.php?rest_route=%2Fwp%2Fv2%2Ftags&post=5203"}],"curies":[{"name":"wp","href":"https:\/\/api.w.org\/{rel}","templated":true}]}}