{"id":5200,"date":"2020-06-24T01:44:50","date_gmt":"2020-06-24T04:44:50","guid":{"rendered":"http:\/\/conurbanodiario.com.ar\/?p=5200"},"modified":"2020-06-24T01:44:53","modified_gmt":"2020-06-24T04:44:53","slug":"cuadernos-revocan-el-procesamiento-de-cristina-kirchner-y-de-un-empresario-en-un-tramo-de-la-causa","status":"publish","type":"post","link":"https:\/\/conurbanodiario.com.ar\/?p=5200","title":{"rendered":"CUADERNOS: REVOCAN EL PROCESAMIENTO DE CRISTINA KIRCHNER Y DE UN EMPRESARIO EN UN TRAMO DE LA CAUSA"},"content":{"rendered":"\n<p>El juez federal Marcelo Mart\u00ednez De Giorgi revoc\u00f3 el procesamiento a la vicepresidenta Cristina Fern\u00e1ndez de Kirchner y al directivo de la empresa Techint Luis Mar\u00eda Betnaza, entre otros, en el tramo del caso \u00abCuadernos\u00bb vinculado al presunto pago de sobornos por parte de esa firma.<\/p>\n\n\n\n<p><strong>El magistrado dict\u00f3 la falta de m\u00e9rito para la ex presidenta, para Betnaza, para el ex ministro Julio De Vido; y para los ex funcionarios Roberto Baratta, Jos\u00e9 Mar\u00eda Olazagasti y Claudio Uberti por estos hechos puntuales<\/strong>, seg\u00fan la resoluci\u00f3n de 12 carillas a la que accedi\u00f3 T\u00e9lam.<\/p>\n\n\n\n<p>\u00abCorresponde disponer la realizaci\u00f3n de diversas medidas de prueba que clarifiquen\u00bb aspectos de lo ocurrido en relaci\u00f3n a Techint, vinculados a \u00abdeterminar si los pagos efectuados pudieron estar vinculados con razones de emergencia en el contexto de la nacionalizaci\u00f3n de la empresa SIDOR en la Rep\u00fablica Bolivariana de Venezuela\u00bb, sostuvo el juez en su fallo.<\/p>\n\n\n\n<p>Ante ello, \u00abse advierte como imprescindible profundizar la pesquisa\u00bb, agreg\u00f3 al revocar de oficio los procesamientos y disponer la falta de m\u00e9rito.<\/p>\n\n\n\n<p>Entre otras medidas,&nbsp;<strong>Mart\u00ednez De Giorgi evalu\u00f3 que \u00abresultar\u00eda pertinente escuchar en declaraci\u00f3n testimonial a los directivos, presidentes y CEOs de las firmas Ternium y Sidor, que fueron propuestos por el Sr. Fiscal\u00bb,<\/strong>&nbsp;en alusi\u00f3n al fiscal del caso, Carlos Stornelli.<\/p>\n\n\n\n<p>\u00abTambi\u00e9n corresponder\u00eda incorporar a la presente los viajes realizados por los imputados a la Rep\u00fablica Bolivariana de Venezuela, en el contexto de la nacionalizaci\u00f3n de la empresa Sidor, como as\u00ed tambi\u00e9n, determinar la existencia de comunicaciones que se hayan registrados entre los imputados en ese per\u00edodo\u00bb, agreg\u00f3 Mart\u00ednez De Giorgi.<\/p>\n\n\n\n<p>El procesamiento por el tramo vinculado a supuestos pagos ilegales de la empresa Techint fue dictado el 17 de septiembre de 2018 por el fallecido juez federal Claudio Bonadio, a quien reemplaza Mart\u00ednez De Giorgi.<\/p>\n\n\n\n<p>En la investigaci\u00f3n estuvo procesado el CEO de Techint, Paolo Rocca, pero la C\u00e1mara Federal porte\u00f1a revoc\u00f3 esa decisi\u00f3n.<\/p>\n\n\n\n<p>En la causa se investiga la supuesta existencia de una asociaci\u00f3n il\u00edcita y el delito de cohecho, en base a los escritos plasmados en cuadernos por parte del remisero Oscar Centeno, un arrepentido en el caso y ex chofer del ex funcionario Baratta.<\/p>\n\n\n\n<p>El tramo principal del caso, en el que est\u00e1 procesada la Vicepresidenta junto a ex funcionarios como De Vido y empresarios, ya fue elevado a juicio oral y est\u00e1 a cargo del Tribunal Oral Federal 7.<\/p>\n","protected":false},"excerpt":{"rendered":"<p>El juez federal Marcelo Mart\u00ednez De Giorgi revoc\u00f3 el procesamiento a la vicepresidenta Cristina Fern\u00e1ndez&#8230;<\/p>\n","protected":false},"author":1,"featured_media":59656,"comment_status":"open","ping_status":"open","sticky":false,"template":"","format":"standard","meta":{"footnotes":""},"categories":[5],"tags":[],"class_list":["post-5200","post","type-post","status-publish","format-standard","has-post-thumbnail","hentry","category-el-pais"],"_links":{"self":[{"href":"https:\/\/conurbanodiario.com.ar\/index.php?rest_route=\/wp\/v2\/posts\/5200","targetHints":{"allow":["GET"]}}],"collection":[{"href":"https:\/\/conurbanodiario.com.ar\/index.php?rest_route=\/wp\/v2\/posts"}],"about":[{"href":"https:\/\/conurbanodiario.com.ar\/index.php?rest_route=\/wp\/v2\/types\/post"}],"author":[{"embeddable":true,"href":"https:\/\/conurbanodiario.com.ar\/index.php?rest_route=\/wp\/v2\/users\/1"}],"replies":[{"embeddable":true,"href":"https:\/\/conurbanodiario.com.ar\/index.php?rest_route=%2Fwp%2Fv2%2Fcomments&post=5200"}],"version-history":[{"count":1,"href":"https:\/\/conurbanodiario.com.ar\/index.php?rest_route=\/wp\/v2\/posts\/5200\/revisions"}],"predecessor-version":[{"id":5202,"href":"https:\/\/conurbanodiario.com.ar\/index.php?rest_route=\/wp\/v2\/posts\/5200\/revisions\/5202"}],"wp:featuredmedia":[{"embeddable":true,"href":"https:\/\/conurbanodiario.com.ar\/index.php?rest_route=\/wp\/v2\/media\/59656"}],"wp:attachment":[{"href":"https:\/\/conurbanodiario.com.ar\/index.php?rest_route=%2Fwp%2Fv2%2Fmedia&parent=5200"}],"wp:term":[{"taxonomy":"category","embeddable":true,"href":"https:\/\/conurbanodiario.com.ar\/index.php?rest_route=%2Fwp%2Fv2%2Fcategories&post=5200"},{"taxonomy":"post_tag","embeddable":true,"href":"https:\/\/conurbanodiario.com.ar\/index.php?rest_route=%2Fwp%2Fv2%2Ftags&post=5200"}],"curies":[{"name":"wp","href":"https:\/\/api.w.org\/{rel}","templated":true}]}}