{"id":5197,"date":"2020-06-24T01:34:46","date_gmt":"2020-06-24T04:34:46","guid":{"rendered":"http:\/\/conurbanodiario.com.ar\/?p=5197"},"modified":"2020-06-24T01:34:46","modified_gmt":"2020-06-24T04:34:46","slug":"el-senado-debate-la-creacion-de-la-bicameral-para-investigar-posible-defraudacion-en-vicentin","status":"publish","type":"post","link":"https:\/\/conurbanodiario.com.ar\/?p=5197","title":{"rendered":"EL SENADO DEBATE LA CREACI\u00d3N DE LA BICAMERAL PARA INVESTIGAR POSIBLE DEFRAUDACI\u00d3N EN VICENTIN"},"content":{"rendered":"\n<p>El Senado debatir\u00e1 este mi\u00e9rcoles un proyecto de ley para crear una Comisi\u00f3n Bicameral que investigue una posible defraudaci\u00f3n al Banco Naci\u00f3n en el otorgamiento de un cr\u00e9dito a la empresa cerealera Vicentin.<\/p>\n\n\n\n<p>La sesi\u00f3n por videoconferencia, convocada para las 15, fue anunciada a trav\u00e9s de un Decreto Parlamentario firmado por la vicepresidenta Cristina Fern\u00e1ndez de Kirchner.<\/p>\n\n\n\n<p>El proyecto de creaci\u00f3n de la Bicameral obtuvo dictamen la semana pasada en la Comisi\u00f3n de Asuntos Constitucionales, gracias a las firmas del oficialista Frente de Todos y de su aliado de Juntos Somos R\u00edo Negro.<\/p>\n\n\n\n<p>Juntos por el Cambio, por su parte, resolvi\u00f3 dejar la discusi\u00f3n acusando al peronismo de pretender avanzar sobre el Poder Judicial y se\u00f1alando que \u00abla intervenci\u00f3n\u00bb de la cerealera era una maniobra de distracci\u00f3n para \u201cocultar cuestiones de mucha mayor gravedad\u201d.<\/p>\n\n\n\n<p>El expediente parlamentario fue presentado por el senador oficialista por Neuqu\u00e9n, Oscar Parrilli, y dispone que la Bicameral, que estar\u00e1 compuesta por seis diputados y seis senadores, investigue las \u201cpresuntas irregularidades que pudieran existir en la relaci\u00f3n crediticia entre el Banco de la Naci\u00f3n Argentina y la empresa Vicentin S.A.I.C., posible defraudaci\u00f3n y estafa comercial a acreedores, clientes de la firma y\/o empresas de Cereales y Soja con las que compet\u00eda\u201d.<\/p>\n\n\n\n<p>La Comisi\u00f3n tambi\u00e9n deber\u00e1 echar luz sobre \u201cla detecci\u00f3n de posibles operaciones de encubrimiento y\/o lavado de activos que pudieren ser de origen delictivo y la responsabilidad de la Unidad de Informaci\u00f3n Financiera (UIF) por incumplimiento en sus obligaciones de control\u201d.<\/p>\n\n\n\n<p>Asimismo, se deber\u00e1 indagar si se \u201chan efectuado giros o movimientos financieros a sus vinculadas en el pa\u00eds y\/o en el exterior, afectando dolosamente los ingresos p\u00fablicos\u201d.<\/p>\n\n\n\n<p>En la sesi\u00f3n especial de este mi\u00e9rcoles tambi\u00e9n fueron incluidos algunos dict\u00e1menes de la Comisi\u00f3n de Relaciones Exteriores para respaldar la firma de tratados internacionales: Convenio sobre la Eliminaci\u00f3n de la Violencia y el Acoso en el Mundo del Trabajo; Convenio sobre Extradici\u00f3n entre las Rep\u00fablicas de Argentina y Rumania; y Convenio sobre Extradici\u00f3n entre las Rep\u00fablicas de Argentina y Brasil.<\/p>\n","protected":false},"excerpt":{"rendered":"<p>El Senado debatir\u00e1 este mi\u00e9rcoles un proyecto de ley para crear una Comisi\u00f3n Bicameral que&#8230;<\/p>\n","protected":false},"author":1,"featured_media":59656,"comment_status":"open","ping_status":"open","sticky":false,"template":"","format":"standard","meta":{"footnotes":""},"categories":[5],"tags":[],"class_list":["post-5197","post","type-post","status-publish","format-standard","has-post-thumbnail","hentry","category-el-pais"],"_links":{"self":[{"href":"https:\/\/conurbanodiario.com.ar\/index.php?rest_route=\/wp\/v2\/posts\/5197","targetHints":{"allow":["GET"]}}],"collection":[{"href":"https:\/\/conurbanodiario.com.ar\/index.php?rest_route=\/wp\/v2\/posts"}],"about":[{"href":"https:\/\/conurbanodiario.com.ar\/index.php?rest_route=\/wp\/v2\/types\/post"}],"author":[{"embeddable":true,"href":"https:\/\/conurbanodiario.com.ar\/index.php?rest_route=\/wp\/v2\/users\/1"}],"replies":[{"embeddable":true,"href":"https:\/\/conurbanodiario.com.ar\/index.php?rest_route=%2Fwp%2Fv2%2Fcomments&post=5197"}],"version-history":[{"count":1,"href":"https:\/\/conurbanodiario.com.ar\/index.php?rest_route=\/wp\/v2\/posts\/5197\/revisions"}],"predecessor-version":[{"id":5199,"href":"https:\/\/conurbanodiario.com.ar\/index.php?rest_route=\/wp\/v2\/posts\/5197\/revisions\/5199"}],"wp:featuredmedia":[{"embeddable":true,"href":"https:\/\/conurbanodiario.com.ar\/index.php?rest_route=\/wp\/v2\/media\/59656"}],"wp:attachment":[{"href":"https:\/\/conurbanodiario.com.ar\/index.php?rest_route=%2Fwp%2Fv2%2Fmedia&parent=5197"}],"wp:term":[{"taxonomy":"category","embeddable":true,"href":"https:\/\/conurbanodiario.com.ar\/index.php?rest_route=%2Fwp%2Fv2%2Fcategories&post=5197"},{"taxonomy":"post_tag","embeddable":true,"href":"https:\/\/conurbanodiario.com.ar\/index.php?rest_route=%2Fwp%2Fv2%2Ftags&post=5197"}],"curies":[{"name":"wp","href":"https:\/\/api.w.org\/{rel}","templated":true}]}}