{"id":5194,"date":"2020-06-24T01:30:10","date_gmt":"2020-06-24T04:30:10","guid":{"rendered":"http:\/\/conurbanodiario.com.ar\/?p=5194"},"modified":"2020-06-24T01:30:11","modified_gmt":"2020-06-24T04:30:11","slug":"ascienden-a-1-078-los-fallecidos-y-a-47-216-los-contagiados-desde-el-inicio-de-la-pandemia","status":"publish","type":"post","link":"https:\/\/conurbanodiario.com.ar\/?p=5194","title":{"rendered":"ASCIENDEN A 1.078 LOS FALLECIDOS Y A 47.216 LOS CONTAGIADOS DESDE EL INICIO DE LA PANDEMIA"},"content":{"rendered":"\n<p>Treinta y cinco personas murieron y 2.285 fueron diagnosticadas con coronavirus en las \u00faltimas 24 horas en la Argentina -la cifra m\u00e1s alta de casos positivos en un d\u00eda-, con lo que ascienden a 1.078 los fallecidos y a 47.216 los contagiados desde el inicio de la pandemia, inform\u00f3 el Ministerio de Salud de la Naci\u00f3n.<\/p>\n\n\n\n<p>El 91,60% de los nuevos casos, 2093 contagiados, corresponde a la provincia de Buenos Aires y a la Ciudad de Buenos Aires.<\/p>\n\n\n\n<p>La cartera sanitaria inform\u00f3 en su reporte vespertino que murieron 29 personas, de las cuales 17 fueron hombres, ocho residentes en la provincia de Buenos Aires de 48, 77, 91, 73, 60, 77, 86 y 74; ocho residentes en la Ciudad de Buenos Aires de 74, 46, 86, 79, 65, 58, 65 y 63 a\u00f1os, y uno de 75 a\u00f1os, residente en la provincia de R\u00edo Negro.<\/p>\n\n\n\n<p>Adem\u00e1s murieron 12 mujeres, cinco residentes en la provincia de Buenos Aires de 77, 88, 80, 87 y 91 a\u00f1os; seis residentes en la Ciudad de Buenos Aires de 62, 85, 71, 86, 80 y 96 a\u00f1os, y una de 90 a\u00f1os, residente en la provincia de C\u00f3rdoba.<\/p>\n\n\n\n<p>El parte matutino consign\u00f3 que murieron 6 hombres, 2 residentes en la provincia de Buenos Aires de 91 y 74 a\u00f1os; 3 residentes en la Ciudad de Buenos Aires de 67, 76 y 73 a\u00f1os, y uno de 68 a\u00f1os, residente en la provincia de Chaco.<\/p>\n\n\n\n<p><strong>Del total de los diagnosticados, 1.052 (2,2%) son casos importados, 17.655 (37,4%) son contactos estrechos de casos confirmados, 19.603 (41,5%) son casos de circulaci\u00f3n comunitaria y el resto se encuentra en investigaci\u00f3n epidemiol\u00f3gica.<\/strong><\/p>\n\n\n\n<p>De los diagnosticados ayer con Covid-19, se registraron en la provincia de Buenos Aires 1.334 casos; en la Ciudad de Buenos Aires, 756; en Chaco, 55; en Chubut, 2; en C\u00f3rdoba, 23; en Entre R\u00edos, 17; en Formosa, 6; en Jujuy, 2; en La Rioja, 1; en Mendoza, 8; en Neuqu\u00e9n, 29; en R\u00edo Negro, 19; en Santa Cruz, 1, y en Santa Fe, 29.<\/p>\n\n\n\n<p>En tanto, no se notificaron contagios en Corrientes, La Pampa, Misiones, Salta, San Juan, San Luis, Santiago del Estero, Tierra del Fuego y Tucum\u00e1n.<\/p>\n\n\n\n<p>Catamarca contin\u00faa sin registrar contagiados con coronavirus.<\/p>\n\n\n\n<p>El n\u00famero total de acumulados por distrito indica que la provincia de Buenos Aires suma 21.700 casos; la Ciudad de Buenos Aires, 20.790; Chaco, 1.657; Chubut, 101; C\u00f3rdoba 599; Corrientes, 116; Entre R\u00edos, 177; Formosa, 45; Jujuy, 17, y La Pampa, 6.<\/p>\n\n\n\n<p>La Rioja alcanza 65 casos; Mendoza, 143; Misiones, 38; Neuqu\u00e9n, 352; R\u00edo Negro, 718; Salta, 22; San Juan, 8; San Luis, 11; Santa Cruz, 52; Santa Fe, 369; Santiago del Estero, 22; Tierra del Fuego, 149, y Tucum\u00e1n, 59.<\/p>\n\n\n\n<p>Adem\u00e1s, se incluyen, en Tierra del Fuego, 13 casos existentes en las Islas Malvinas, seg\u00fan informaci\u00f3n de prensa debido a que por la ocupaci\u00f3n ilegal del Reino Unido, Gran Breta\u00f1a e Irlanda del Norte no es posible contar con informaci\u00f3n propia sobre el impacto de la Covid-19 en esa parte del territorio argentino.<\/p>\n\n\n\n<p><strong>La multiplicaci\u00f3n de contagios de coronavirus, la evoluci\u00f3n de la enfermedad y la ocupaci\u00f3n de camas de terapia intensiva son los factores \u00abpreocupantes\u00bb que determinar\u00e1n la nueva fase del aislamiento obligatorio en el AMBA, que se encamina hacia condiciones m\u00e1s restrictivas, seg\u00fan lo evaluado por las autoridades de Naci\u00f3n, provincia y ciudad de Buenos Aires en las \u00faltimas horas.<\/strong><\/p>\n\n\n\n<p>El ministro de Salud, Gin\u00e9s Gonz\u00e1lez Garc\u00eda, sostuvo que \u00abes deseable\u00bb volver a la Fase 1 del aislamiento social y obligatorio, por el crecimiento en la cantidad de contagios por coronavirus, aunque advirti\u00f3 que \u00abhay que ver hasta d\u00f3nde pedimos sacrificios a la gente, porque tambi\u00e9n necesitamos que haya cumplimiento\u00bb.<\/p>\n\n\n\n<p>El ministro confirm\u00f3 al canal Am\u00e9rioca que el jueves se reunir\u00e1n nuevamente con Alberto Fern\u00e1ndez, Axel Kicillof y Horacio Rodr\u00edguez Larreta, luego de que acordaran \u00abendurecer las medidas de aislamiento\u00bb, de mantenerse en los pr\u00f3ximos d\u00edas la tendencia en el incremento de casos.<\/p>\n\n\n\n<p>En tanto, el jefe de Gabinete, Santiago Cafiero, sostuvo que, \u00aben la medida que siga habiendo casos\u00bb de coronavirus, \u00abtenemos que seguir con la pol\u00edtica de cuidado\u00bb, en relaci\u00f3n al aislamiento social y obligatorio dispuesto en el \u00c1rea Metropolitana Buenos Aires (AMBA) a ra\u00edz de la pandemia.<\/p>\n\n\n\n<p>\u201cLas alternativas est\u00e1n todas arriba de la mesa, y se tienen que llevar a la mesa de definici\u00f3n pol\u00edtica, que ser\u00e1 el jueves calculo yo, para que las m\u00e1ximas autoridades tomen una decisi\u00f3n\u201d, dijo Cafiero a Radio Continental.<\/p>\n\n\n\n<p>Por su parte, el jefe de Gobierno porte\u00f1o, Horacio Rodr\u00edguez Larreta, confirm\u00f3 a radio La Red que en la reuni\u00f3n se decidir\u00e1 si se impondr\u00e1 una restricci\u00f3n mayor a las actividades y asegur\u00f3 que hay preocupaci\u00f3n \u00abpor la evoluci\u00f3n de los contagios y la ocupaci\u00f3n de las camas de terapia, al d\u00eda lunes estaba en un poquito m\u00e1s del 50%\u00bb.<\/p>\n\n\n\n<p>En la tarde de ayer, el comit\u00e9 de expertos sanitarios que asesora al gobernador bonaerense, Axel Kicillof, recomend\u00f3 la adopci\u00f3n de medidas m\u00e1s restrictivas para frenar la movilidad en el AMBA, debido al aumento de casos de coronavirus en los \u00faltimos d\u00edas.<\/p>\n\n\n\n<p>En cuanto a las actividades educativas, el ministro del \u00e1rea, Nicol\u00e1s Trotta, sostuvo que debido a la alta circulaci\u00f3n del coronavirus, \u00abde todos los niveles educativos\u00bb los \u00faltimos en regresar a las aulas ser\u00e1n los estudiantes universitarios, aunque destac\u00f3 que en algunas provincias podr\u00edan hacerlo luego de las vacaciones de invierno.<\/p>\n\n\n\n<p>Trotta explic\u00f3 a El Destape Radio que \u00abel nivel superior es el m\u00e1s preparado para la educaci\u00f3n a distancia e inclusive la virtualizaci\u00f3n educativa\u00bb.<\/p>\n\n\n\n<p>Por otra parte, casi 3.000 alumnos de universidades nacionales del conurbano bonaerense se sumaron como voluntarios a los equipos de salud que realizan testeos para detectar casos sospechosos de coronavirus en esa zona y en el interior de la provincia de Buenos Aires, inform\u00f3 el Ministerio de Salud de la Naci\u00f3n.<\/p>\n","protected":false},"excerpt":{"rendered":"<p>Treinta y cinco personas murieron y 2.285 fueron diagnosticadas con coronavirus en las \u00faltimas 24&#8230;<\/p>\n","protected":false},"author":1,"featured_media":59656,"comment_status":"open","ping_status":"open","sticky":false,"template":"","format":"standard","meta":{"footnotes":""},"categories":[5],"tags":[],"class_list":["post-5194","post","type-post","status-publish","format-standard","has-post-thumbnail","hentry","category-el-pais"],"_links":{"self":[{"href":"https:\/\/conurbanodiario.com.ar\/index.php?rest_route=\/wp\/v2\/posts\/5194","targetHints":{"allow":["GET"]}}],"collection":[{"href":"https:\/\/conurbanodiario.com.ar\/index.php?rest_route=\/wp\/v2\/posts"}],"about":[{"href":"https:\/\/conurbanodiario.com.ar\/index.php?rest_route=\/wp\/v2\/types\/post"}],"author":[{"embeddable":true,"href":"https:\/\/conurbanodiario.com.ar\/index.php?rest_route=\/wp\/v2\/users\/1"}],"replies":[{"embeddable":true,"href":"https:\/\/conurbanodiario.com.ar\/index.php?rest_route=%2Fwp%2Fv2%2Fcomments&post=5194"}],"version-history":[{"count":1,"href":"https:\/\/conurbanodiario.com.ar\/index.php?rest_route=\/wp\/v2\/posts\/5194\/revisions"}],"predecessor-version":[{"id":5196,"href":"https:\/\/conurbanodiario.com.ar\/index.php?rest_route=\/wp\/v2\/posts\/5194\/revisions\/5196"}],"wp:featuredmedia":[{"embeddable":true,"href":"https:\/\/conurbanodiario.com.ar\/index.php?rest_route=\/wp\/v2\/media\/59656"}],"wp:attachment":[{"href":"https:\/\/conurbanodiario.com.ar\/index.php?rest_route=%2Fwp%2Fv2%2Fmedia&parent=5194"}],"wp:term":[{"taxonomy":"category","embeddable":true,"href":"https:\/\/conurbanodiario.com.ar\/index.php?rest_route=%2Fwp%2Fv2%2Fcategories&post=5194"},{"taxonomy":"post_tag","embeddable":true,"href":"https:\/\/conurbanodiario.com.ar\/index.php?rest_route=%2Fwp%2Fv2%2Ftags&post=5194"}],"curies":[{"name":"wp","href":"https:\/\/api.w.org\/{rel}","templated":true}]}}