{"id":5186,"date":"2020-06-24T03:06:00","date_gmt":"2020-06-24T06:06:00","guid":{"rendered":"http:\/\/conurbanodiario.com.ar\/?p=5186"},"modified":"2020-06-23T21:38:15","modified_gmt":"2020-06-24T00:38:15","slug":"veteranos-de-malvinas-repararan-mobiliario-escolar-en-la-escuela-tecnica-n-6","status":"publish","type":"post","link":"https:\/\/conurbanodiario.com.ar\/?p=5186","title":{"rendered":"VETERANOS DE MALVINAS REPARAR\u00c1N MOBILIARIO ESCOLAR EN LA ESCUELA T\u00c9CNICA N\u00b0 6"},"content":{"rendered":"\n<p>El Municipio de Quilmes informa que se realiz\u00f3 la firma del convenio para el traslado hacia la Escuela T\u00e9cnica N\u00b0 6 \u201cCombate de San Lorenzo\u201d del taller en el que Veteranos de Malvinas reciclan mobiliario educativo en desuso de escuelas y jardines de Quilmes.<\/p>\n\n\n\n<p>En una gesti\u00f3n conjunta de la Secretar\u00eda de Educaci\u00f3n, Culturas y Deportes, a cargo de Mario Lozano, las autoridades regionales y distritales, el Honorable Consejo Escolar (HCE) de Quilmes y la Escuela T\u00e9cnica N\u00b0 6, se consigui\u00f3 trasladar el taller antes ubicado en la Avenida Rep\u00fablica de Francia N\u00b0 55, hasta el colegio ubicado en la avenida Calchaqu\u00ed 1894, para recuperar mobiliario que se desgasta con el paso del tiempo.<\/p>\n\n\n\n<p>En el lugar se hizo presente Daniel Taverna, subdirector de Programaci\u00f3n y Seguimiento de&nbsp; Educaci\u00f3n T\u00e9cnica Profesional de la Provincia de Buenos Aires, quien destac\u00f3 que \u201choy acompa\u00f1amos la actividad de los veteranos, en una tarea que entendemos como sumamente necesaria y que como todos los aqu\u00ed presentes queremos poner en valor\u201d.<\/p>\n\n\n\n<p>A su vez, el subsecretario de Educaci\u00f3n local, Gustavo Lappano, remarc\u00f3 que \u201clos Veteranos son un emblema y es una pol\u00edtica de la Secretar\u00eda, de la que adem\u00e1s dependen, que est\u00e9n lo mejor posible. Nos vinieron a plantear que en el lugar en el que estaban no ten\u00edan buenas condiciones, ni elementos de seguridad, ni suministro para llevar adelante su tarea y r\u00e1pidamente y en conjunto con Jefatura Distrital y el Consejo Escolar se consigui\u00f3 este lugar para que, como siempre nos se\u00f1ala nuestra intendenta Mayra Mendoza, los chicos aprendan en las mejores condiciones\u201d.<\/p>\n\n\n\n<p>Por su parte, la presidenta del HCE de Quilmes, Susana Brardinelli, subray\u00f3: \u201cfue una lucha conseguir un lugar adecuado para trasladar el taller que desde hace a\u00f1os ellos sostienen y&nbsp; el Consejo es un actor importante en este sentido, ya que la mayor\u00eda de los compa\u00f1eros que trabajan en este taller son auxiliares que dejan su trabajo en las escuelas para hacer esta tarea en el marco de un convenio. A partir de ahora, la Secretar\u00eda de Educaci\u00f3n, Culturas y Deportes har\u00e1 la compra de elementos como planchas de melanina, tornillos y herramientas y ellos trabajar\u00e1n en un lugar apropiado\u201d.<\/p>\n\n\n\n<p>Finalmente, el presidente del Centro de Veteranos de Quilmes Jos\u00e9 \u201cPepe\u201d Valdez, declar\u00f3 que \u201cla verdad es que esto no estaba funcionando de la manera en que nosotros quer\u00edamos, ya que no ten\u00edamos las condiciones \u00f3ptimas para las tareas, por ejemplo sin calefacci\u00f3n. Por suerte encontramos una buena respuesta a trav\u00e9s de Mario Lozano y Gustavo Lappano, quienes se comprometieron a mejorar estas condiciones laborales y que comienza hoy con la firma de este convenio\u201d.<\/p>\n\n\n\n<p>Estuvieron presentes el jefe distrital de educaci\u00f3n, Mariano Pueyo; la directora general de Educaci\u00f3n, Nancy Brites; el inspector de Educaci\u00f3n T\u00e9cnica de Quilmes, Juan Flores; el jefe regional de Educaci\u00f3n de Quilmes, Varela y Berazategui, Pablo Vinuesa; las vicedirectoras de la Escuela T\u00e9cnica N\u00b0 6, Cristina Est\u00e9vez y Nancy Yb\u00e1\u00f1ez.<\/p>\n","protected":false},"excerpt":{"rendered":"<p>El Municipio de Quilmes informa que se realiz\u00f3 la firma del convenio para el traslado&#8230;<\/p>\n","protected":false},"author":1,"featured_media":59656,"comment_status":"open","ping_status":"open","sticky":false,"template":"","format":"standard","meta":{"footnotes":""},"categories":[3],"tags":[],"class_list":["post-5186","post","type-post","status-publish","format-standard","has-post-thumbnail","hentry","category-informacion-general"],"_links":{"self":[{"href":"https:\/\/conurbanodiario.com.ar\/index.php?rest_route=\/wp\/v2\/posts\/5186","targetHints":{"allow":["GET"]}}],"collection":[{"href":"https:\/\/conurbanodiario.com.ar\/index.php?rest_route=\/wp\/v2\/posts"}],"about":[{"href":"https:\/\/conurbanodiario.com.ar\/index.php?rest_route=\/wp\/v2\/types\/post"}],"author":[{"embeddable":true,"href":"https:\/\/conurbanodiario.com.ar\/index.php?rest_route=\/wp\/v2\/users\/1"}],"replies":[{"embeddable":true,"href":"https:\/\/conurbanodiario.com.ar\/index.php?rest_route=%2Fwp%2Fv2%2Fcomments&post=5186"}],"version-history":[{"count":1,"href":"https:\/\/conurbanodiario.com.ar\/index.php?rest_route=\/wp\/v2\/posts\/5186\/revisions"}],"predecessor-version":[{"id":5188,"href":"https:\/\/conurbanodiario.com.ar\/index.php?rest_route=\/wp\/v2\/posts\/5186\/revisions\/5188"}],"wp:featuredmedia":[{"embeddable":true,"href":"https:\/\/conurbanodiario.com.ar\/index.php?rest_route=\/wp\/v2\/media\/59656"}],"wp:attachment":[{"href":"https:\/\/conurbanodiario.com.ar\/index.php?rest_route=%2Fwp%2Fv2%2Fmedia&parent=5186"}],"wp:term":[{"taxonomy":"category","embeddable":true,"href":"https:\/\/conurbanodiario.com.ar\/index.php?rest_route=%2Fwp%2Fv2%2Fcategories&post=5186"},{"taxonomy":"post_tag","embeddable":true,"href":"https:\/\/conurbanodiario.com.ar\/index.php?rest_route=%2Fwp%2Fv2%2Ftags&post=5186"}],"curies":[{"name":"wp","href":"https:\/\/api.w.org\/{rel}","templated":true}]}}