{"id":5180,"date":"2020-06-23T03:09:00","date_gmt":"2020-06-23T06:09:00","guid":{"rendered":"http:\/\/conurbanodiario.com.ar\/?p=5180"},"modified":"2020-06-22T21:21:58","modified_gmt":"2020-06-23T00:21:58","slug":"detienen-a-un-hombre-acusado-de-provocar-un-incendio-en-una-casa-donde-murio-una-mujer-quemada","status":"publish","type":"post","link":"https:\/\/conurbanodiario.com.ar\/?p=5180","title":{"rendered":"DETIENEN A UN HOMBRE ACUSADO DE PROVOCAR UN INCENDIO EN UNA CASA DONDE MURI\u00d3 UNA MUJER QUEMADA"},"content":{"rendered":"\n<p>Un hombre fue detenido ayer como uno de los sospechosos de incendiar la casa de un presunto abusador el viernes \u00faltimo en Florencio Varela, en donde muri\u00f3 quemada una mujer, informaron fuentes policiales.<\/p>\n\n\n\n<p>El detenido fue identificado por la polic\u00eda como Ezequiel Cabrera, quien fue apresado en momentos en que pretend\u00eda fugarse hacia la provincia de Corrientes.<\/p>\n\n\n\n<p>La detenci\u00f3n se concret\u00f3 durante un operativo realizado en las inmediaciones de la estaci\u00f3n Florencio Varela del ferrocarril Roca, ubicada en las calles Per\u00f3n y Brown del mencionado partido del sur del conurbano.<\/p>\n\n\n\n<p>La sospecha de los investigadores es que el sospechoso ten\u00eda previsto escapar hacia Corrientes, de donde es oriundo y tiene familiares que le podr\u00edan dar alojamiento, ya que sab\u00eda que estaba siendo buscado por la polic\u00eda como el presunto coautor del incendio.<\/p>\n\n\n\n<p>Adem\u00e1s de Cabrera est\u00e1n detenidos por ese hecho en el que muri\u00f3 quemada Carina Ver\u00f3nica Sauco (47), un hombre llamado Mat\u00edas Orlando (35) y un adolescente de 17 a\u00f1os.<\/p>\n\n\n\n<p>Las pesquisas se\u00f1alaron que a\u00fan est\u00e1n buscando a un cuarto sospechoso, a quien identificaron con el nombre de Adri\u00e1n.<\/p>\n\n\n\n<p>El hecho que se les imputa ocurri\u00f3 el pasado viernes por la noche, cuando al menos seis hombres llegaron a una vivienda ubicada en la calle Paysand\u00fa entre Atenas y Jos\u00e9 Hern\u00e1ndez, de Florencio Varela, con la intenci\u00f3n de atacar al due\u00f1o llamado Adri\u00e1n \u00abChaco\u00bb Galarza, a quien acusaban de ser un abusador sexual.<\/p>\n\n\n\n<p>Los agresores atacaron a golpes al supuesto abusador, tras lo cual incendiaron un cuartito en el cual se hallaba la mujer de este hombre, Sauco, quien finalmente falleci\u00f3 como consecuencia de las quemaduras.<\/p>\n\n\n\n<p>Fuentes judiciales aseguraron que Galarza est\u00e1 denunciado por abuso sexual, pero que no qued\u00f3 detenido por falta de pruebas.<\/p>\n\n\n\n<p>Interviene en la causa el fiscal Claudio Marcelo Cipollone, a cargo de la Fiscal\u00eda de Menores de Florencio Varela, dependiente del Departamento Judicial de Quilmes, quien calific\u00f3 al expediente como \u201cHomicidio\u201d.<\/p>\n","protected":false},"excerpt":{"rendered":"<p>Un hombre fue detenido ayer como uno de los sospechosos de incendiar la casa de&#8230;<\/p>\n","protected":false},"author":1,"featured_media":59656,"comment_status":"open","ping_status":"open","sticky":false,"template":"","format":"standard","meta":{"footnotes":""},"categories":[10],"tags":[],"class_list":["post-5180","post","type-post","status-publish","format-standard","has-post-thumbnail","hentry","category-seguridad"],"_links":{"self":[{"href":"https:\/\/conurbanodiario.com.ar\/index.php?rest_route=\/wp\/v2\/posts\/5180","targetHints":{"allow":["GET"]}}],"collection":[{"href":"https:\/\/conurbanodiario.com.ar\/index.php?rest_route=\/wp\/v2\/posts"}],"about":[{"href":"https:\/\/conurbanodiario.com.ar\/index.php?rest_route=\/wp\/v2\/types\/post"}],"author":[{"embeddable":true,"href":"https:\/\/conurbanodiario.com.ar\/index.php?rest_route=\/wp\/v2\/users\/1"}],"replies":[{"embeddable":true,"href":"https:\/\/conurbanodiario.com.ar\/index.php?rest_route=%2Fwp%2Fv2%2Fcomments&post=5180"}],"version-history":[{"count":1,"href":"https:\/\/conurbanodiario.com.ar\/index.php?rest_route=\/wp\/v2\/posts\/5180\/revisions"}],"predecessor-version":[{"id":5182,"href":"https:\/\/conurbanodiario.com.ar\/index.php?rest_route=\/wp\/v2\/posts\/5180\/revisions\/5182"}],"wp:featuredmedia":[{"embeddable":true,"href":"https:\/\/conurbanodiario.com.ar\/index.php?rest_route=\/wp\/v2\/media\/59656"}],"wp:attachment":[{"href":"https:\/\/conurbanodiario.com.ar\/index.php?rest_route=%2Fwp%2Fv2%2Fmedia&parent=5180"}],"wp:term":[{"taxonomy":"category","embeddable":true,"href":"https:\/\/conurbanodiario.com.ar\/index.php?rest_route=%2Fwp%2Fv2%2Fcategories&post=5180"},{"taxonomy":"post_tag","embeddable":true,"href":"https:\/\/conurbanodiario.com.ar\/index.php?rest_route=%2Fwp%2Fv2%2Ftags&post=5180"}],"curies":[{"name":"wp","href":"https:\/\/api.w.org\/{rel}","templated":true}]}}