{"id":5177,"date":"2020-06-23T03:05:00","date_gmt":"2020-06-23T06:05:00","guid":{"rendered":"http:\/\/conurbanodiario.com.ar\/?p=5177"},"modified":"2020-06-22T21:04:26","modified_gmt":"2020-06-23T00:04:26","slug":"los-contagios-de-covid-19-en-barrios-populares-bonaerenses-llegan-a-casi-20-del-total-provincial","status":"publish","type":"post","link":"https:\/\/conurbanodiario.com.ar\/?p=5177","title":{"rendered":"LOS CONTAGIOS DE COVID-19 EN BARRIOS POPULARES BONAERENSES LLEGAN A CASI 20% DEL TOTAL PROVINCIAL"},"content":{"rendered":"\n<p>Los casos de coronavirus detectados en los barrios populares de la provincia de Buenos Aires representan casi el 20% del total de los contagios, inform\u00f3 el Ministerio de Salud bonaerense.<\/p>\n\n\n\n<p>La cartera que conduce Daniel Gollan precis\u00f3 que los casos en barrios populares son 3.946, lo que representa el 19,82% del total de 19.906 casos en territorio bonaerense.<\/p>\n\n\n\n<p>Adem\u00e1s, se detall\u00f3 que, por el nuevo coronavirus, se registraron en esos barrios un total de 44 muertos.<\/p>\n\n\n\n<p>La cartera de Salud inform\u00f3 adem\u00e1s que esta semana continuar\u00e1n los operativos Detectar en barrios de Tigre, San Mart\u00edn, Lan\u00fas, La Matanza, Moreno, Lomas de Zamora y La Plata, entre otros.<\/p>\n","protected":false},"excerpt":{"rendered":"<p>Los casos de coronavirus detectados en los barrios populares de la provincia de Buenos Aires&#8230;<\/p>\n","protected":false},"author":1,"featured_media":59656,"comment_status":"open","ping_status":"open","sticky":false,"template":"","format":"standard","meta":{"footnotes":""},"categories":[28],"tags":[],"class_list":["post-5177","post","type-post","status-publish","format-standard","has-post-thumbnail","hentry","category-la-provincia"],"_links":{"self":[{"href":"https:\/\/conurbanodiario.com.ar\/index.php?rest_route=\/wp\/v2\/posts\/5177","targetHints":{"allow":["GET"]}}],"collection":[{"href":"https:\/\/conurbanodiario.com.ar\/index.php?rest_route=\/wp\/v2\/posts"}],"about":[{"href":"https:\/\/conurbanodiario.com.ar\/index.php?rest_route=\/wp\/v2\/types\/post"}],"author":[{"embeddable":true,"href":"https:\/\/conurbanodiario.com.ar\/index.php?rest_route=\/wp\/v2\/users\/1"}],"replies":[{"embeddable":true,"href":"https:\/\/conurbanodiario.com.ar\/index.php?rest_route=%2Fwp%2Fv2%2Fcomments&post=5177"}],"version-history":[{"count":1,"href":"https:\/\/conurbanodiario.com.ar\/index.php?rest_route=\/wp\/v2\/posts\/5177\/revisions"}],"predecessor-version":[{"id":5179,"href":"https:\/\/conurbanodiario.com.ar\/index.php?rest_route=\/wp\/v2\/posts\/5177\/revisions\/5179"}],"wp:featuredmedia":[{"embeddable":true,"href":"https:\/\/conurbanodiario.com.ar\/index.php?rest_route=\/wp\/v2\/media\/59656"}],"wp:attachment":[{"href":"https:\/\/conurbanodiario.com.ar\/index.php?rest_route=%2Fwp%2Fv2%2Fmedia&parent=5177"}],"wp:term":[{"taxonomy":"category","embeddable":true,"href":"https:\/\/conurbanodiario.com.ar\/index.php?rest_route=%2Fwp%2Fv2%2Fcategories&post=5177"},{"taxonomy":"post_tag","embeddable":true,"href":"https:\/\/conurbanodiario.com.ar\/index.php?rest_route=%2Fwp%2Fv2%2Ftags&post=5177"}],"curies":[{"name":"wp","href":"https:\/\/api.w.org\/{rel}","templated":true}]}}