{"id":5167,"date":"2020-06-23T03:06:00","date_gmt":"2020-06-23T06:06:00","guid":{"rendered":"http:\/\/conurbanodiario.com.ar\/?p=5167"},"modified":"2020-06-22T20:20:21","modified_gmt":"2020-06-22T23:20:21","slug":"nueva-jornada-de-limpieza-y-saneamiento-hidrico-en-quilmes","status":"publish","type":"post","link":"https:\/\/conurbanodiario.com.ar\/?p=5167","title":{"rendered":"NUEVA JORNADA DE LIMPIEZA Y SANEAMIENTO H\u00cdDRICO EN QUILMES"},"content":{"rendered":"\n<p>El Municipio de Quilmes contin\u00faa realizando tareas de saneamiento en los espacios p\u00fablicos de la ciudad, con operativos de corte, desmalezado, levantamiento de ramas y mont\u00edculos, entre otros. Los trabajos comprenden tambi\u00e9n la limpieza de cuencas de canales y arroyos, y se intensifican en la erradicaci\u00f3n de microbasurales en los barrios.<\/p>\n\n\n\n<p>En la jornada de ayer, las cuadrillas intervinieron con palas cargadoras, camiones y bateas para el levantamiento de basura, ramas y tierra acumulada, en Camino General Belgrano, desde calle 842 (Villa La Florida) hacia la rotonda de Pasco y en Donato \u00c1lvarez y Lynch (Bernal Oeste); en los sectores comprendidos por: Mosconi, Camino General Belgrano, Triunvirato y Lafinur (Quilmes Oeste); limpieza y pintura en Avenida La Plata, desde Rep\u00fablica de Francia hasta la rotonda de Smith (Ezpeleta); calle 816, desde Camino General Belgrano hasta el arroyo (La Matera); Rodolfo L\u00f3pez, Carlos Pellegrini, Calchaqu\u00ed y Acha.<\/p>\n\n\n\n<p>A su vez, trabajadores de Higiene Urbana avanzaron con los trabajos de corte y desmalezado en el Parque de La Ciudad (Vicente L\u00f3pez y Smith); el interior del cementerio de Ezpeleta; Escuela Media N\u00b0 16 y alrededores (Calchaqu\u00ed entre Rodolfo L\u00f3pez y Bombero S\u00e1nchez); Avenida Dardo Rocha, desde el Tri\u00e1ngulo de Bernal hasta Zapiola; Berutti y Lavalleja, desde Joaqu\u00edn V. Gonz\u00e1lez hasta Avenida La Plata y Laprida, Guti\u00e9rrez, Calchaqu\u00ed y Joaqu\u00edn V. Gonz\u00e1lez. Y carpeta asf\u00e1ltica en Gran Canaria entre Bombero S\u00e1nchez y Tucum\u00e1n.<\/p>\n\n\n\n<p>El plan de trabajo que desarrolla la Secretar\u00eda de Servicios P\u00fablicos, que dirige \u00c1ngel Garc\u00eda, comprende adem\u00e1s las tareas de saneamiento h\u00eddrico que se llevan a cabo en el arroyo Las Piedras y calle 829, donde personal de Agua, Cloacas y Saneamiento H\u00eddrico supervisa el zanjeo para instalaci\u00f3n de ca\u00f1er\u00eda 600mm; la apertura de salida en arroyo Las Piedras y calle 826, con el retiro de escombros del conducto derrumbado y armado de talud para minimizar derrumbe en obra; el saneamiento del canal Alsina y del arroyo San Francisco, a la altura de Montevideo con trabajadores de cooperativas.<\/p>\n\n\n\n<p>Las actividades de ayer abarcaron el zanjeo para instalaci\u00f3n de ca\u00f1er\u00eda 400mm, rectificado y limpieza de zanjas y construcci\u00f3n de sumideros en calle 168 y Pampa; la apertura de c\u00e1maras pluviales para el lingado, desobstrucci\u00f3n de pluviales y sumideros en Pellegrini, entre calles 390 y 396 y colocaci\u00f3n de tapa pluvial en Pellegrini y Avenida La Plata; el recorrido de los camiones desobstructores, el control de napas y estaciones de bombeo, mantenimiento de bajo v\u00edas y la limpieza de fuentes en las plazas San Mart\u00edn, Conesa y Pellegrini.<\/p>\n","protected":false},"excerpt":{"rendered":"<p>El Municipio de Quilmes contin\u00faa realizando tareas de saneamiento en los espacios p\u00fablicos de la&#8230;<\/p>\n","protected":false},"author":1,"featured_media":59656,"comment_status":"open","ping_status":"open","sticky":false,"template":"","format":"standard","meta":{"footnotes":""},"categories":[3],"tags":[],"class_list":["post-5167","post","type-post","status-publish","format-standard","has-post-thumbnail","hentry","category-informacion-general"],"_links":{"self":[{"href":"https:\/\/conurbanodiario.com.ar\/index.php?rest_route=\/wp\/v2\/posts\/5167","targetHints":{"allow":["GET"]}}],"collection":[{"href":"https:\/\/conurbanodiario.com.ar\/index.php?rest_route=\/wp\/v2\/posts"}],"about":[{"href":"https:\/\/conurbanodiario.com.ar\/index.php?rest_route=\/wp\/v2\/types\/post"}],"author":[{"embeddable":true,"href":"https:\/\/conurbanodiario.com.ar\/index.php?rest_route=\/wp\/v2\/users\/1"}],"replies":[{"embeddable":true,"href":"https:\/\/conurbanodiario.com.ar\/index.php?rest_route=%2Fwp%2Fv2%2Fcomments&post=5167"}],"version-history":[{"count":1,"href":"https:\/\/conurbanodiario.com.ar\/index.php?rest_route=\/wp\/v2\/posts\/5167\/revisions"}],"predecessor-version":[{"id":5169,"href":"https:\/\/conurbanodiario.com.ar\/index.php?rest_route=\/wp\/v2\/posts\/5167\/revisions\/5169"}],"wp:featuredmedia":[{"embeddable":true,"href":"https:\/\/conurbanodiario.com.ar\/index.php?rest_route=\/wp\/v2\/media\/59656"}],"wp:attachment":[{"href":"https:\/\/conurbanodiario.com.ar\/index.php?rest_route=%2Fwp%2Fv2%2Fmedia&parent=5167"}],"wp:term":[{"taxonomy":"category","embeddable":true,"href":"https:\/\/conurbanodiario.com.ar\/index.php?rest_route=%2Fwp%2Fv2%2Fcategories&post=5167"},{"taxonomy":"post_tag","embeddable":true,"href":"https:\/\/conurbanodiario.com.ar\/index.php?rest_route=%2Fwp%2Fv2%2Ftags&post=5167"}],"curies":[{"name":"wp","href":"https:\/\/api.w.org\/{rel}","templated":true}]}}