{"id":5164,"date":"2020-06-23T03:00:00","date_gmt":"2020-06-23T06:00:00","guid":{"rendered":"http:\/\/conurbanodiario.com.ar\/?p=5164"},"modified":"2020-06-24T06:01:33","modified_gmt":"2020-06-24T09:01:33","slug":"kicillof-inauguro-el-nuevo-servicio-de-emergencia-y-terapia-intensiva-del-hospital-de-berazategui","status":"publish","type":"post","link":"https:\/\/conurbanodiario.com.ar\/?p=5164","title":{"rendered":"KICILLOF INAUGUR\u00d3 EL NUEVO SERVICIO DE EMERGENCIA Y TERAPIA INTENSIVA DEL HOSPITAL DE BERAZATEGUI"},"content":{"rendered":"\n<p>El gobernador de la provincia de Buenos Aires, Axel Kicillof; junto al intendente de Berazategui, Juan Jos\u00e9 Mussi; y el ministro de Salud bonaerense, Daniel Gollan, inauguraron el nuevo sector de emergencia y unidad de terapia intensiva (UTI) del Hospital provincial Evita Pueblo, de Berazategui.<\/p>\n\n\n\n<p>\u201cLo que necesitaban los vecinos y vecinas de Berazategui no estaba funcionando. Decidimos abrir las instalaciones del servicio de emergencia y ponerlas en valor; el contexto de la pandemia le dio adem\u00e1s otra importancia\u201d, explic\u00f3 el Gobernador tras la recorrida por las nuevas salas, de la que tambi\u00e9n participaron el viceministro de Salud, Nicol\u00e1s Kreplak; y el director Ejecutivo del Hospital Evita Pueblo, Juan Marini.<\/p>\n\n\n\n<p>Kicillof se\u00f1al\u00f3 que \u201choy -por ayer- estamos inaugurando 32 camas para COVID frente a esta emergencia, en un lugar donde antes hab\u00eda 8. El pueblo de Berazategui, el personal del hospital y su director se lo merec\u00edan\u201d.<\/p>\n\n\n\n<p>El nuevo sector de emergencias cuenta con 16 camas de terapia intensiva, tres shock rooms y un \u00e1rea de aislamiento para casos contagiosos.<\/p>\n\n\n\n<p>Por su parte, el intendente Mussi record\u00f3 que el sector \u201cestuvo cerrado durante cuatro a\u00f1os. La obra comenz\u00f3 hace dos a\u00f1os y no se termin\u00f3, y la gente encontraba una pared para llegar a la guardia. En cuatro meses, la Provincia hizo posible que hoy -por ayer- estemos inaugur\u00e1ndola\u201d.<\/p>\n\n\n\n<p>El nuevo sector de emergencia permitir\u00e1, adem\u00e1s, desarrollar la residencia de m\u00e9dicos emergent\u00f3logos. El Hospital provincial Evita Pueblo es interzonal y all\u00ed trabajan 900 personas que atienden 216 mil consultas al a\u00f1o.<\/p>\n\n\n\n<p>La obra del nuevo espacio hab\u00eda comenzado en mayo de 2016, pero fue totalmente paralizada, y se reinici\u00f3 en febrero de este a\u00f1o. Adem\u00e1s, la Provincia lleva entregados en Berazategui 20 respiradores, 20 camas de terapia, 20 monitores multiparam\u00e9tricos, 12 bombas de infusi\u00f3n y 10 camas ortop\u00e9dicas, entre otros insumos.<\/p>\n","protected":false},"excerpt":{"rendered":"<p>El gobernador de la provincia de Buenos Aires, Axel Kicillof; junto al intendente de Berazategui,&#8230;<\/p>\n","protected":false},"author":1,"featured_media":59656,"comment_status":"open","ping_status":"open","sticky":false,"template":"","format":"standard","meta":{"footnotes":""},"categories":[31],"tags":[],"class_list":["post-5164","post","type-post","status-publish","format-standard","has-post-thumbnail","hentry","category-salud"],"_links":{"self":[{"href":"https:\/\/conurbanodiario.com.ar\/index.php?rest_route=\/wp\/v2\/posts\/5164","targetHints":{"allow":["GET"]}}],"collection":[{"href":"https:\/\/conurbanodiario.com.ar\/index.php?rest_route=\/wp\/v2\/posts"}],"about":[{"href":"https:\/\/conurbanodiario.com.ar\/index.php?rest_route=\/wp\/v2\/types\/post"}],"author":[{"embeddable":true,"href":"https:\/\/conurbanodiario.com.ar\/index.php?rest_route=\/wp\/v2\/users\/1"}],"replies":[{"embeddable":true,"href":"https:\/\/conurbanodiario.com.ar\/index.php?rest_route=%2Fwp%2Fv2%2Fcomments&post=5164"}],"version-history":[{"count":1,"href":"https:\/\/conurbanodiario.com.ar\/index.php?rest_route=\/wp\/v2\/posts\/5164\/revisions"}],"predecessor-version":[{"id":5166,"href":"https:\/\/conurbanodiario.com.ar\/index.php?rest_route=\/wp\/v2\/posts\/5164\/revisions\/5166"}],"wp:featuredmedia":[{"embeddable":true,"href":"https:\/\/conurbanodiario.com.ar\/index.php?rest_route=\/wp\/v2\/media\/59656"}],"wp:attachment":[{"href":"https:\/\/conurbanodiario.com.ar\/index.php?rest_route=%2Fwp%2Fv2%2Fmedia&parent=5164"}],"wp:term":[{"taxonomy":"category","embeddable":true,"href":"https:\/\/conurbanodiario.com.ar\/index.php?rest_route=%2Fwp%2Fv2%2Fcategories&post=5164"},{"taxonomy":"post_tag","embeddable":true,"href":"https:\/\/conurbanodiario.com.ar\/index.php?rest_route=%2Fwp%2Fv2%2Ftags&post=5164"}],"curies":[{"name":"wp","href":"https:\/\/api.w.org\/{rel}","templated":true}]}}