{"id":5156,"date":"2020-06-23T03:07:00","date_gmt":"2020-06-23T06:07:00","guid":{"rendered":"http:\/\/conurbanodiario.com.ar\/?p=5156"},"modified":"2020-06-22T11:40:13","modified_gmt":"2020-06-22T14:40:13","slug":"podran-iniciarse-todas-las-causas-de-modo-electronico-en-la-provincia-de-buenos-aires","status":"publish","type":"post","link":"https:\/\/conurbanodiario.com.ar\/?p=5156","title":{"rendered":"PODR\u00c1N INICIARSE TODAS LAS CAUSAS DE MODO ELECTR\u00d3NICO EN LA PROVINCIA DE BUENOS AIRES"},"content":{"rendered":"\n<p>La Suprema Corte de Justicia resolvi\u00f3 que desde el pr\u00f3ximo jueves se podr\u00e1n iniciar por medios electr\u00f3nicos todo tipo de causas y no s\u00f3lo aquellos casos urgentes o que puedan prescribir, como est\u00e1 dispuesto hasta ahora, en el marco del aislamiento social, preventivo y obligatorio por coronavirus.<\/p>\n\n\n\n<p>El m\u00e1ximo tribunal bonaerense resolvi\u00f3 implementar un r\u00e9gimen de ingreso, recepci\u00f3n y posterior distribuci\u00f3n diaria por medios electr\u00f3nicos de todas las causas correspondientes a los fueros Civil y Comercial, de Familia, Laboral, Contencioso Administrativo y Juzgados de Paz a partir del 25 de junio.<\/p>\n\n\n\n<p>Lo hizo a trav\u00e9s de la resoluci\u00f3n 593 que tiene el objetivo de avanzar hacia la mayor normalizaci\u00f3n del servicio de justicia, \u00aben consonancia con la protecci\u00f3n de la salud de todas las personas de justicia involucradas y la tutela judicial efectiva\u00bb.<\/p>\n\n\n\n<p>La medida establece que estas novedades \u00abno alteran la modalidad de prestaci\u00f3n del servicio de personal actualmente vigente\u00bb, lo que implica que no aumentar\u00e1 la cantidad de empleados que deber\u00e1n ir a trabajar de modo presencial.<\/p>\n\n\n\n<p>Tambi\u00e9n se estableci\u00f3 que desde el jueves, las denuncias por protecci\u00f3n contra la violencia ingresen por medios electr\u00f3nicos a las Receptor\u00edas Generales de Expedientes o a los Juzgados de Paz.<\/p>\n\n\n\n<p>\u00abDe manera excepcional y por razones de urgencia impostergables, se podr\u00e1n iniciar ante los Juzgados de Familia en turno, en las condiciones y por los medios establecidos en el art\u00edculo 3\u00ba de la Resoluci\u00f3n SPL N\u00ba 12\/20\u00bb, se plante\u00f3.<\/p>\n\n\n\n<p>En esos casos, la Corte expuso que \u00abse arbitrar\u00e1n los mecanismos para que los referidos organismos, exclusivamente de manera electr\u00f3nica, las remitan a las receptor\u00edas, a los efectos de su debida registraci\u00f3n y radicaci\u00f3n definitiva\u00bb.<\/p>\n\n\n\n<p>Por otro lado, se determin\u00f3 que en aquellos \u00f3rganos cuyos servicios no han sido plenamente habilitados, una vez radicada la causa, \u00aba pedido de parte, el \u00f3rgano judicial podr\u00e1 disponer las medidas factibles que estimare conducentes para el impulso del proceso\u00bb.<\/p>\n\n\n\n<p>El nuevo r\u00e9gimen estar\u00e1 sujeto al monitoreo y evaluaci\u00f3n de las secretar\u00edas de Planificaci\u00f3n y Servicios Jurisdiccionales, la subsecretar\u00eda de Tecnolog\u00eda Inform\u00e1tica y la direcci\u00f3n de la Justicia de Paz, dependencias que deber\u00e1n elevar un informe conjunto a la presidencia de la Suprema Corte \u00abpropiciando correcciones y ajustes necesarias para su mejora y consolidaci\u00f3n\u00bb.<\/p>\n\n\n\n<p>De acuerdo a las estad\u00edsticas consignadas en un informe de gesti\u00f3n dado a conocer el fin de semana por la Suprema Corte de Justicia, desde el inicio de la emergencia y hasta el 31 de mayo, en todos los fueros e instancias se dictaron 3.120.385 tr\u00e1mites por medios tecnol\u00f3gicos, se registraron 708.133 notificaciones y presentaciones electr\u00f3nicas y se iniciaron, en forma remota, 13.040 expedientes judiciales.<\/p>\n\n\n\n<p>\u00abEs previsible que estos n\u00fameros se incrementen de manera sustancial a partir de la entrada en vigor del nuevo r\u00e9gimen de inicio de toda clase de causas, se\u00f1al\u00f3 una fuente del Tribunal.<\/p>\n","protected":false},"excerpt":{"rendered":"<p>La Suprema Corte de Justicia resolvi\u00f3 que desde el pr\u00f3ximo jueves se podr\u00e1n iniciar por&#8230;<\/p>\n","protected":false},"author":1,"featured_media":59656,"comment_status":"open","ping_status":"open","sticky":false,"template":"","format":"standard","meta":{"footnotes":""},"categories":[29],"tags":[],"class_list":["post-5156","post","type-post","status-publish","format-standard","has-post-thumbnail","hentry","category-judiciales"],"_links":{"self":[{"href":"https:\/\/conurbanodiario.com.ar\/index.php?rest_route=\/wp\/v2\/posts\/5156","targetHints":{"allow":["GET"]}}],"collection":[{"href":"https:\/\/conurbanodiario.com.ar\/index.php?rest_route=\/wp\/v2\/posts"}],"about":[{"href":"https:\/\/conurbanodiario.com.ar\/index.php?rest_route=\/wp\/v2\/types\/post"}],"author":[{"embeddable":true,"href":"https:\/\/conurbanodiario.com.ar\/index.php?rest_route=\/wp\/v2\/users\/1"}],"replies":[{"embeddable":true,"href":"https:\/\/conurbanodiario.com.ar\/index.php?rest_route=%2Fwp%2Fv2%2Fcomments&post=5156"}],"version-history":[{"count":1,"href":"https:\/\/conurbanodiario.com.ar\/index.php?rest_route=\/wp\/v2\/posts\/5156\/revisions"}],"predecessor-version":[{"id":5157,"href":"https:\/\/conurbanodiario.com.ar\/index.php?rest_route=\/wp\/v2\/posts\/5156\/revisions\/5157"}],"wp:featuredmedia":[{"embeddable":true,"href":"https:\/\/conurbanodiario.com.ar\/index.php?rest_route=\/wp\/v2\/media\/59656"}],"wp:attachment":[{"href":"https:\/\/conurbanodiario.com.ar\/index.php?rest_route=%2Fwp%2Fv2%2Fmedia&parent=5156"}],"wp:term":[{"taxonomy":"category","embeddable":true,"href":"https:\/\/conurbanodiario.com.ar\/index.php?rest_route=%2Fwp%2Fv2%2Fcategories&post=5156"},{"taxonomy":"post_tag","embeddable":true,"href":"https:\/\/conurbanodiario.com.ar\/index.php?rest_route=%2Fwp%2Fv2%2Ftags&post=5156"}],"curies":[{"name":"wp","href":"https:\/\/api.w.org\/{rel}","templated":true}]}}