{"id":5148,"date":"2020-06-24T03:05:00","date_gmt":"2020-06-24T06:05:00","guid":{"rendered":"http:\/\/conurbanodiario.com.ar\/?p=5148"},"modified":"2020-06-22T05:28:03","modified_gmt":"2020-06-22T08:28:03","slug":"analizaremos-una-posible-convocatoria-de-francia-pero-mi-objetivo-es-la-seleccion-argentina-admitio-walter-benitez","status":"publish","type":"post","link":"https:\/\/conurbanodiario.com.ar\/?p=5148","title":{"rendered":"\u00abANALIZAREMOS UNA POSIBLE CONVOCATORIA DE FRANCIA, PERO MI OBJETIVO ES LA SELECCI\u00d3N ARGENTINA\u00bb, ADMITI\u00d3 WALTER BEN\u00cdTEZ"},"content":{"rendered":"\n<p>Luego de su paso por el f\u00fatbol argentino,&nbsp;<strong>Walter Ben\u00edtez fue fichado por el Niza de Francia y a partir de ah\u00ed comenz\u00f3 a tener un gran nivel que le abri\u00f3 las puertas de la Selecci\u00f3n Argentina<\/strong>. Sin embargo, por ahora Lionel Scaloni no lo cit\u00f3 y el arquero admiti\u00f3 que analizar\u00e1 la chance de jugar para Francia.<\/p>\n\n\n\n<p>\u00abMi objetivo es ir a la Selecci\u00f3n Argentina pero cuando tenga la doble ciudadan\u00eda, analizaremos una posible convocatoria de Francia. Tengo un lindo recuerdo de cuando jugu\u00e9 con la Sub-20 y es un objetivo tener una oportunidad en la Mayor\u00bb, manifest\u00f3 el ex Quilmes, en di\u00e1logo con El Show de La Oral.<\/p>\n\n\n\n<p>Sin embargo, la chance de ir a la Selecci\u00f3n Argentina est\u00e1 intacta: \u00ab<strong>Yo espero el llamado de la Selecci\u00f3n Argentina porque es uno de mis sue\u00f1os<\/strong>. No quiero dejar pasar oportunidades por esperar algo que por ah\u00ed no termina sucediendo como el llamado de la Selecci\u00f3n\u00bb, agreg\u00f3.<\/p>\n\n\n\n<p>Por \u00faltimo,&nbsp;<strong>Ben\u00edtez cont\u00f3 algunas perlitas de su paso por el f\u00fatbol franc\u00e9s<\/strong>: \u00abCoincid\u00ed dos temporadas con (Mario) Balotelli, es una gran persona y un gran trabajador. Con (Wesley) Sneijder fuimos compa\u00f1eros y fuimos a cenar varias veces. Ten\u00eda una calidad tremenda, cuando le\u00ed su declaraci\u00f3n me cagu\u00e9 de risa, ja\u00bb.<\/p>\n\n\n\n<p>\u00ab(Edinson)&nbsp;<strong>Cavani&nbsp;<\/strong>y (Kylian)&nbsp;<strong>Mbapp\u00e9 fueron los delanteros m\u00e1s dif\u00edciles que me toc\u00f3 enfrentar<\/strong>. Nosotros siempre damos lo mejor para poder arrebatarle un a\u00f1o el t\u00edtulo al PSG. Tambi\u00e9n queremos clasificar a la Champions League. Nuestro objetivo siempre es salir campe\u00f3n, terminar en lo m\u00e1s alto. Si es cierto que el estatus econ\u00f3mico de PSG puede marcar diferencia\u00bb, cerr\u00f3 Ben\u00edtez.<\/p>\n\n\n\n<p>Fuente: TNT Sports<\/p>\n","protected":false},"excerpt":{"rendered":"<p>Luego de su paso por el f\u00fatbol argentino,&nbsp;Walter Ben\u00edtez fue fichado por el Niza de&#8230;<\/p>\n","protected":false},"author":1,"featured_media":59656,"comment_status":"open","ping_status":"open","sticky":false,"template":"","format":"standard","meta":{"footnotes":""},"categories":[32],"tags":[],"class_list":["post-5148","post","type-post","status-publish","format-standard","has-post-thumbnail","hentry","category-deportes"],"_links":{"self":[{"href":"https:\/\/conurbanodiario.com.ar\/index.php?rest_route=\/wp\/v2\/posts\/5148","targetHints":{"allow":["GET"]}}],"collection":[{"href":"https:\/\/conurbanodiario.com.ar\/index.php?rest_route=\/wp\/v2\/posts"}],"about":[{"href":"https:\/\/conurbanodiario.com.ar\/index.php?rest_route=\/wp\/v2\/types\/post"}],"author":[{"embeddable":true,"href":"https:\/\/conurbanodiario.com.ar\/index.php?rest_route=\/wp\/v2\/users\/1"}],"replies":[{"embeddable":true,"href":"https:\/\/conurbanodiario.com.ar\/index.php?rest_route=%2Fwp%2Fv2%2Fcomments&post=5148"}],"version-history":[{"count":1,"href":"https:\/\/conurbanodiario.com.ar\/index.php?rest_route=\/wp\/v2\/posts\/5148\/revisions"}],"predecessor-version":[{"id":5149,"href":"https:\/\/conurbanodiario.com.ar\/index.php?rest_route=\/wp\/v2\/posts\/5148\/revisions\/5149"}],"wp:featuredmedia":[{"embeddable":true,"href":"https:\/\/conurbanodiario.com.ar\/index.php?rest_route=\/wp\/v2\/media\/59656"}],"wp:attachment":[{"href":"https:\/\/conurbanodiario.com.ar\/index.php?rest_route=%2Fwp%2Fv2%2Fmedia&parent=5148"}],"wp:term":[{"taxonomy":"category","embeddable":true,"href":"https:\/\/conurbanodiario.com.ar\/index.php?rest_route=%2Fwp%2Fv2%2Fcategories&post=5148"},{"taxonomy":"post_tag","embeddable":true,"href":"https:\/\/conurbanodiario.com.ar\/index.php?rest_route=%2Fwp%2Fv2%2Ftags&post=5148"}],"curies":[{"name":"wp","href":"https:\/\/api.w.org\/{rel}","templated":true}]}}