{"id":5145,"date":"2020-06-22T05:08:23","date_gmt":"2020-06-22T08:08:23","guid":{"rendered":"http:\/\/conurbanodiario.com.ar\/?p=5145"},"modified":"2020-06-22T05:08:24","modified_gmt":"2020-06-22T08:08:24","slug":"caps-villa-hudson-cambio-de-horario-por-aplicacion-de-protocolo-covid-19","status":"publish","type":"post","link":"https:\/\/conurbanodiario.com.ar\/?p=5145","title":{"rendered":"CAPS VILLA HUDSON: CAMBIO DE HORARIO POR APLICACI\u00d3N DE PROTOCOLO COVID-19"},"content":{"rendered":"\n<p>La secretar\u00eda de Salud informa que, a ra\u00edz de la confirmaci\u00f3n de un caso positivo de COVID- 19 en un integrante del equipo del Centro de Atenci\u00f3n Primaria de la Salud de Villa Hudson, se tom\u00f3 la medida&nbsp; -como indica el protocolo- de indicar el aislamiento obligatorio en su domicilio a todos los contactos estrechos que han compartido el \u00e1mbito laboral desde las 48 hs anteriores al inicio de s\u00edntomas, que motivaron el hisopado del trabajador.&nbsp;&nbsp;<\/p>\n\n\n\n<p>Se lleva tranquilidad a la comunidad ya que no se encuentra en posible riesgo de contagio por no ser considerada como contacto estrecho. Cabe destacar que se adoptaron todas las medidas pertinentes desde la notificaci\u00f3n del caso.<\/p>\n\n\n\n<p>Por tal motivo, se comunica que el Centro de Atenci\u00f3n Primaria de la Salud de Villa Hudson atender\u00e1 en horario reducido los d\u00edas lunes 22, martes 23 y el viernes 26 de junio de 9&nbsp; a 14 horas y permanecer\u00e1 cerrado los d\u00edas 24 y 25.<\/p>\n","protected":false},"excerpt":{"rendered":"<p>La secretar\u00eda de Salud informa que, a ra\u00edz de la confirmaci\u00f3n de un caso positivo&#8230;<\/p>\n","protected":false},"author":1,"featured_media":59656,"comment_status":"open","ping_status":"open","sticky":false,"template":"","format":"standard","meta":{"footnotes":""},"categories":[31],"tags":[],"class_list":["post-5145","post","type-post","status-publish","format-standard","has-post-thumbnail","hentry","category-salud"],"_links":{"self":[{"href":"https:\/\/conurbanodiario.com.ar\/index.php?rest_route=\/wp\/v2\/posts\/5145","targetHints":{"allow":["GET"]}}],"collection":[{"href":"https:\/\/conurbanodiario.com.ar\/index.php?rest_route=\/wp\/v2\/posts"}],"about":[{"href":"https:\/\/conurbanodiario.com.ar\/index.php?rest_route=\/wp\/v2\/types\/post"}],"author":[{"embeddable":true,"href":"https:\/\/conurbanodiario.com.ar\/index.php?rest_route=\/wp\/v2\/users\/1"}],"replies":[{"embeddable":true,"href":"https:\/\/conurbanodiario.com.ar\/index.php?rest_route=%2Fwp%2Fv2%2Fcomments&post=5145"}],"version-history":[{"count":1,"href":"https:\/\/conurbanodiario.com.ar\/index.php?rest_route=\/wp\/v2\/posts\/5145\/revisions"}],"predecessor-version":[{"id":5147,"href":"https:\/\/conurbanodiario.com.ar\/index.php?rest_route=\/wp\/v2\/posts\/5145\/revisions\/5147"}],"wp:featuredmedia":[{"embeddable":true,"href":"https:\/\/conurbanodiario.com.ar\/index.php?rest_route=\/wp\/v2\/media\/59656"}],"wp:attachment":[{"href":"https:\/\/conurbanodiario.com.ar\/index.php?rest_route=%2Fwp%2Fv2%2Fmedia&parent=5145"}],"wp:term":[{"taxonomy":"category","embeddable":true,"href":"https:\/\/conurbanodiario.com.ar\/index.php?rest_route=%2Fwp%2Fv2%2Fcategories&post=5145"},{"taxonomy":"post_tag","embeddable":true,"href":"https:\/\/conurbanodiario.com.ar\/index.php?rest_route=%2Fwp%2Fv2%2Ftags&post=5145"}],"curies":[{"name":"wp","href":"https:\/\/api.w.org\/{rel}","templated":true}]}}