{"id":5142,"date":"2020-06-22T03:05:00","date_gmt":"2020-06-22T06:05:00","guid":{"rendered":"http:\/\/conurbanodiario.com.ar\/?p=5142"},"modified":"2020-06-22T05:01:39","modified_gmt":"2020-06-22T08:01:39","slug":"trabajos-de-servicios-publicos-en-varela","status":"publish","type":"post","link":"https:\/\/conurbanodiario.com.ar\/?p=5142","title":{"rendered":"TRABAJOS DE SERVICIOS P\u00daBLICOS EN VARELA"},"content":{"rendered":"\n<p>La secretar\u00eda de Obras, Servicios P\u00fablicos y Planificaci\u00f3n Urbana emiti\u00f3 un resumen de los \u00faltimos trabajos realizados, los cuales fueron ejecutados con personal, recursos y maquinaria municipal, y mediante un diagrama de emergencia, en el marco de las medidas dispuestas para evitar una mayor propagaci\u00f3n de la Covid-19.<\/p>\n\n\n\n<p>En tal sentido, se hizo saber que se hizo la limpieza de sumideros en el barrio L\u00f3pez Romero, sobre Camino General Belgrano, entre Sud Am\u00e9rica y Balcarce; el saneamiento hidr\u00e1ulico en el Ingeniero Allan sobre Diagonal los Quilmes, entre 1.112 y 1.114; la recolecci\u00f3n de ramas y residuos no domiciliarios en diferentes puntos de los barrios Presidente Sarmiento y Centro; y la reconstrucci\u00f3n del sumidero en el barrio Centro en calle Rivadavia y Estados Unidos.<\/p>\n","protected":false},"excerpt":{"rendered":"<p>La secretar\u00eda de Obras, Servicios P\u00fablicos y Planificaci\u00f3n Urbana emiti\u00f3 un resumen de los \u00faltimos&#8230;<\/p>\n","protected":false},"author":1,"featured_media":59656,"comment_status":"open","ping_status":"open","sticky":false,"template":"","format":"standard","meta":{"footnotes":""},"categories":[3],"tags":[],"class_list":["post-5142","post","type-post","status-publish","format-standard","has-post-thumbnail","hentry","category-informacion-general"],"_links":{"self":[{"href":"https:\/\/conurbanodiario.com.ar\/index.php?rest_route=\/wp\/v2\/posts\/5142","targetHints":{"allow":["GET"]}}],"collection":[{"href":"https:\/\/conurbanodiario.com.ar\/index.php?rest_route=\/wp\/v2\/posts"}],"about":[{"href":"https:\/\/conurbanodiario.com.ar\/index.php?rest_route=\/wp\/v2\/types\/post"}],"author":[{"embeddable":true,"href":"https:\/\/conurbanodiario.com.ar\/index.php?rest_route=\/wp\/v2\/users\/1"}],"replies":[{"embeddable":true,"href":"https:\/\/conurbanodiario.com.ar\/index.php?rest_route=%2Fwp%2Fv2%2Fcomments&post=5142"}],"version-history":[{"count":1,"href":"https:\/\/conurbanodiario.com.ar\/index.php?rest_route=\/wp\/v2\/posts\/5142\/revisions"}],"predecessor-version":[{"id":5144,"href":"https:\/\/conurbanodiario.com.ar\/index.php?rest_route=\/wp\/v2\/posts\/5142\/revisions\/5144"}],"wp:featuredmedia":[{"embeddable":true,"href":"https:\/\/conurbanodiario.com.ar\/index.php?rest_route=\/wp\/v2\/media\/59656"}],"wp:attachment":[{"href":"https:\/\/conurbanodiario.com.ar\/index.php?rest_route=%2Fwp%2Fv2%2Fmedia&parent=5142"}],"wp:term":[{"taxonomy":"category","embeddable":true,"href":"https:\/\/conurbanodiario.com.ar\/index.php?rest_route=%2Fwp%2Fv2%2Fcategories&post=5142"},{"taxonomy":"post_tag","embeddable":true,"href":"https:\/\/conurbanodiario.com.ar\/index.php?rest_route=%2Fwp%2Fv2%2Ftags&post=5142"}],"curies":[{"name":"wp","href":"https:\/\/api.w.org\/{rel}","templated":true}]}}