{"id":5135,"date":"2020-06-22T03:07:00","date_gmt":"2020-06-22T06:07:00","guid":{"rendered":"http:\/\/conurbanodiario.com.ar\/?p=5135"},"modified":"2020-06-22T04:31:07","modified_gmt":"2020-06-22T07:31:07","slug":"5135","status":"publish","type":"post","link":"https:\/\/conurbanodiario.com.ar\/?p=5135","title":{"rendered":"SE INSTALARON 15 PARQUES SOLARES EN EL TERRITORIO BONAERENSE"},"content":{"rendered":"\n<p>Unos 15 parques solares fueron instalados en localidades del territorio bonaerense alejadas del tendido el\u00e9ctrico, inform\u00f3 el Ministerio de Infraestructura y Servicios P\u00fablicos de la provincia.<\/p>\n\n\n\n<p>Se trata de un trabajo conjunto entre la Subsecretar\u00eda de Energ\u00eda del Ministerio de Infraestructura bonaerense y el Programa de Incentivo a la Generaci\u00f3n de Energ\u00eda Distribuida (Proinged) con el fin de generar energ\u00eda sustentable en localidades que necesitan una mejora en la calidad del servicio el\u00e9ctrico.<\/p>\n\n\n\n<p>Las localidades donde ya se encuentra funcionando esta tecnolog\u00eda son: Adolfo Alsina; Florentino Ameghino; Lincoln; Leandro N. Alem; Tandil; Coronel Su\u00e1rez y Coronel Dorrego.<\/p>\n\n\n\n<p>La cartera provincial que conduce Agust\u00edn Simone precis\u00f3 que en los municipios de Pu\u00e1n, Chacabuco, 9 de Julio y General Pinto los parques se pondr\u00e1n en funcionamiento cuando lo permitan las restricciones vinculadas con la emergencia sanitaria de la Covid-19.<\/p>\n\n\n\n<p>Los 15 parques suman un total de 5.300 kWp de potencia instalada y tendr\u00e1n una generaci\u00f3n anual de 8.500 MWh\/a\u00f1o de energ\u00eda, que es el equivalente al consumo regular de 2.800 hogares.<\/p>\n\n\n\n<p>Con esta generaci\u00f3n renovable se evita la emisi\u00f3n de 4.500 TN de di\u00f3xido de carbono (CO2) por a\u00f1o, que es lo que se emitir\u00eda generando energ\u00eda con combustibles f\u00f3siles.<\/p>\n\n\n\n<p>Adem\u00e1s de evitar la puesta en marcha de equipos de generaci\u00f3n diesel, este tipo de energ\u00eda mejora la calidad del servicio el\u00e9ctrico en cada localidad, a la vez que aumentan la oferta el\u00e9ctrica para nuevos emprendimientos regionales.<\/p>\n","protected":false},"excerpt":{"rendered":"<p>Unos 15 parques solares fueron instalados en localidades del territorio bonaerense alejadas del tendido el\u00e9ctrico,&#8230;<\/p>\n","protected":false},"author":1,"featured_media":59656,"comment_status":"open","ping_status":"open","sticky":false,"template":"","format":"standard","meta":{"footnotes":""},"categories":[28],"tags":[],"class_list":["post-5135","post","type-post","status-publish","format-standard","has-post-thumbnail","hentry","category-la-provincia"],"_links":{"self":[{"href":"https:\/\/conurbanodiario.com.ar\/index.php?rest_route=\/wp\/v2\/posts\/5135","targetHints":{"allow":["GET"]}}],"collection":[{"href":"https:\/\/conurbanodiario.com.ar\/index.php?rest_route=\/wp\/v2\/posts"}],"about":[{"href":"https:\/\/conurbanodiario.com.ar\/index.php?rest_route=\/wp\/v2\/types\/post"}],"author":[{"embeddable":true,"href":"https:\/\/conurbanodiario.com.ar\/index.php?rest_route=\/wp\/v2\/users\/1"}],"replies":[{"embeddable":true,"href":"https:\/\/conurbanodiario.com.ar\/index.php?rest_route=%2Fwp%2Fv2%2Fcomments&post=5135"}],"version-history":[{"count":2,"href":"https:\/\/conurbanodiario.com.ar\/index.php?rest_route=\/wp\/v2\/posts\/5135\/revisions"}],"predecessor-version":[{"id":5138,"href":"https:\/\/conurbanodiario.com.ar\/index.php?rest_route=\/wp\/v2\/posts\/5135\/revisions\/5138"}],"wp:featuredmedia":[{"embeddable":true,"href":"https:\/\/conurbanodiario.com.ar\/index.php?rest_route=\/wp\/v2\/media\/59656"}],"wp:attachment":[{"href":"https:\/\/conurbanodiario.com.ar\/index.php?rest_route=%2Fwp%2Fv2%2Fmedia&parent=5135"}],"wp:term":[{"taxonomy":"category","embeddable":true,"href":"https:\/\/conurbanodiario.com.ar\/index.php?rest_route=%2Fwp%2Fv2%2Fcategories&post=5135"},{"taxonomy":"post_tag","embeddable":true,"href":"https:\/\/conurbanodiario.com.ar\/index.php?rest_route=%2Fwp%2Fv2%2Ftags&post=5135"}],"curies":[{"name":"wp","href":"https:\/\/api.w.org\/{rel}","templated":true}]}}