{"id":5127,"date":"2020-06-22T04:03:28","date_gmt":"2020-06-22T07:03:28","guid":{"rendered":"http:\/\/conurbanodiario.com.ar\/?p=5127"},"modified":"2020-06-22T04:03:30","modified_gmt":"2020-06-22T07:03:30","slug":"con-la-mirada-puesta-en-la-asistencia-social-grindetti-recibio-a-chiche-duhalde","status":"publish","type":"post","link":"https:\/\/conurbanodiario.com.ar\/?p=5127","title":{"rendered":"CON LA MIRADA PUESTA EN LA ASISTENCIA SOCIAL, GRINDETTI RECIBI\u00d3 A CHICHE DUHALDE"},"content":{"rendered":"\n<p>El jefe comunal acompa\u00f1ado del Jefe de Gabinete y coordinador del Comit\u00e9 de Crisis local, Diego Kravetz analizaron junto a la esposa del ex presidente, Eduardo Duhalde la implementaci\u00f3n del programa de asistencia directa en los comedores comunitarios del distrito y los operativos \u00abcasa por casa\u00bb en los barrios populares.<\/p>\n\n\n\n<p>\u00ab<em><strong>Chiche (Duhalde) es una dirigente pol\u00edtica con mucha trayectoria en el \u00e1mbito&nbsp;social<\/strong>, conoce muy bien los barrios m\u00e1s humildes del conurbano, fue la fundadora de un proyecto exitoso que fueron las manzaneras y por eso es muy importante contar con su presencia y expertiz<\/em>\u00bb expres\u00f3 Grindetti.<\/p>\n\n\n\n<p>Fueron de la partida, la secretaria de Desarrollo Social, Noelia Quindimil y el concejal, Marcelo Villa.<\/p>\n","protected":false},"excerpt":{"rendered":"<p>El jefe comunal acompa\u00f1ado del Jefe de Gabinete y coordinador del Comit\u00e9 de Crisis local,&#8230;<\/p>\n","protected":false},"author":1,"featured_media":59656,"comment_status":"open","ping_status":"open","sticky":false,"template":"","format":"standard","meta":{"footnotes":""},"categories":[35],"tags":[],"class_list":["post-5127","post","type-post","status-publish","format-standard","has-post-thumbnail","hentry","category-politica"],"_links":{"self":[{"href":"https:\/\/conurbanodiario.com.ar\/index.php?rest_route=\/wp\/v2\/posts\/5127","targetHints":{"allow":["GET"]}}],"collection":[{"href":"https:\/\/conurbanodiario.com.ar\/index.php?rest_route=\/wp\/v2\/posts"}],"about":[{"href":"https:\/\/conurbanodiario.com.ar\/index.php?rest_route=\/wp\/v2\/types\/post"}],"author":[{"embeddable":true,"href":"https:\/\/conurbanodiario.com.ar\/index.php?rest_route=\/wp\/v2\/users\/1"}],"replies":[{"embeddable":true,"href":"https:\/\/conurbanodiario.com.ar\/index.php?rest_route=%2Fwp%2Fv2%2Fcomments&post=5127"}],"version-history":[{"count":1,"href":"https:\/\/conurbanodiario.com.ar\/index.php?rest_route=\/wp\/v2\/posts\/5127\/revisions"}],"predecessor-version":[{"id":5129,"href":"https:\/\/conurbanodiario.com.ar\/index.php?rest_route=\/wp\/v2\/posts\/5127\/revisions\/5129"}],"wp:featuredmedia":[{"embeddable":true,"href":"https:\/\/conurbanodiario.com.ar\/index.php?rest_route=\/wp\/v2\/media\/59656"}],"wp:attachment":[{"href":"https:\/\/conurbanodiario.com.ar\/index.php?rest_route=%2Fwp%2Fv2%2Fmedia&parent=5127"}],"wp:term":[{"taxonomy":"category","embeddable":true,"href":"https:\/\/conurbanodiario.com.ar\/index.php?rest_route=%2Fwp%2Fv2%2Fcategories&post=5127"},{"taxonomy":"post_tag","embeddable":true,"href":"https:\/\/conurbanodiario.com.ar\/index.php?rest_route=%2Fwp%2Fv2%2Ftags&post=5127"}],"curies":[{"name":"wp","href":"https:\/\/api.w.org\/{rel}","templated":true}]}}