{"id":5098,"date":"2020-06-22T03:00:00","date_gmt":"2020-06-22T06:00:00","guid":{"rendered":"http:\/\/conurbanodiario.com.ar\/?p=5098"},"modified":"2020-08-26T01:51:00","modified_gmt":"2020-08-26T04:51:00","slug":"el-presidente-analizara-este-lunes-con-kicillof-y-rodriguez-larreta-la-situacion-en-el-amba","status":"publish","type":"post","link":"https:\/\/conurbanodiario.com.ar\/?p=5098","title":{"rendered":"EL PRESIDENTE ANALIZAR\u00c1 ESTE LUNES CON KICILLOF Y RODR\u00cdGUEZ LARRETA LA SITUACI\u00d3N EN EL AMBA"},"content":{"rendered":"\n<p>El presidente Alberto Fern\u00e1ndez, el gobernador bonaerense, Axel Kicillof; y el jefe de Gobierno porte\u00f1o, Horacio Rodr\u00edguez Larreta, se reunir\u00e1n este lunes para analizar el avance de los contagios de coronavirus y el nivel de ocupaci\u00f3n de las camas de terapia intensiva en el \u00c1rea Metropolitana Buenos Aires (AMBA).<\/p>\n\n\n\n<p>En declaraciones a radio El Destape, Fern\u00e1ndez adelant\u00f3 que ese encuentro ser\u00e1 para \u00abtomar una decisi\u00f3n\u00bb con relaci\u00f3n al aislamiento social y obligatorio por la pandemia.<\/p>\n\n\n\n<p>Si bien la actual etapa de cuarentena vence reci\u00e9n el 28 de este mes, el vertiginoso incremento de los contagios en AMBA decidi\u00f3 al Presidente a convocar este lunes a Kicillof y Rodr\u00edguez Larreta a una reuni\u00f3n, de la que todav\u00eda se desconoce el horario.<\/p>\n\n\n\n<p>\u00abQuedamos en vernos el lunes los 3 para tomar una decisi\u00f3n. Estamos en una situaci\u00f3n muy complicada\u00bb, dijo el Jefe de Estado, para quien los vecinos de la ciudad de Buenos Aires y del conurbano \u00abse han relajado\u00bb.<\/p>\n\n\n\n<p>Fern\u00e1ndez est\u00e1 a favor de \u00abvolver a la disciplina del inicio\u00bb de la cuarentena, a partir del aumento significativo de casos de Covid-19 detectados en la \u00faltima semana y el porcentaje de ocupaci\u00f3n de las camas de los hospitales del AMBA, que en el conurbano alcanza al 60 por ciento.<\/p>\n\n\n\n<p>El viernes \u00faltimo Kicillof y Larreta conformaron una mesa t\u00e9cnica entre ambas jurisdicciones para analizar d\u00eda a d\u00eda las camas hospitalarias ocupadas, la velocidad de la curva de contagios, la circulaci\u00f3n social y la mortalidad.<\/p>\n\n\n\n<p>En la provincia de Buenos Aires, actualmente hay un total de 25.682 camas entre sector p\u00fablico y privado: 4946 de terapia intensiva (2239 en el conurbano), 3367 de cuidados intermedios y 17.549 de cuidados m\u00ednimos.<\/p>\n\n\n\n<p>La Ciudad, por su parte, cuenta con 1417 camas de terapia intensiva entre el sector p\u00fablico y privado y esta semana registr\u00f3 una ocupaci\u00f3n del 51 por ciento.<\/p>\n","protected":false},"excerpt":{"rendered":"<p>El presidente Alberto Fern\u00e1ndez, el gobernador bonaerense, Axel Kicillof; y el jefe de Gobierno porte\u00f1o,&#8230;<\/p>\n","protected":false},"author":1,"featured_media":59656,"comment_status":"open","ping_status":"open","sticky":false,"template":"","format":"standard","meta":{"footnotes":""},"categories":[31],"tags":[],"class_list":["post-5098","post","type-post","status-publish","format-standard","has-post-thumbnail","hentry","category-salud"],"_links":{"self":[{"href":"https:\/\/conurbanodiario.com.ar\/index.php?rest_route=\/wp\/v2\/posts\/5098","targetHints":{"allow":["GET"]}}],"collection":[{"href":"https:\/\/conurbanodiario.com.ar\/index.php?rest_route=\/wp\/v2\/posts"}],"about":[{"href":"https:\/\/conurbanodiario.com.ar\/index.php?rest_route=\/wp\/v2\/types\/post"}],"author":[{"embeddable":true,"href":"https:\/\/conurbanodiario.com.ar\/index.php?rest_route=\/wp\/v2\/users\/1"}],"replies":[{"embeddable":true,"href":"https:\/\/conurbanodiario.com.ar\/index.php?rest_route=%2Fwp%2Fv2%2Fcomments&post=5098"}],"version-history":[{"count":1,"href":"https:\/\/conurbanodiario.com.ar\/index.php?rest_route=\/wp\/v2\/posts\/5098\/revisions"}],"predecessor-version":[{"id":5100,"href":"https:\/\/conurbanodiario.com.ar\/index.php?rest_route=\/wp\/v2\/posts\/5098\/revisions\/5100"}],"wp:featuredmedia":[{"embeddable":true,"href":"https:\/\/conurbanodiario.com.ar\/index.php?rest_route=\/wp\/v2\/media\/59656"}],"wp:attachment":[{"href":"https:\/\/conurbanodiario.com.ar\/index.php?rest_route=%2Fwp%2Fv2%2Fmedia&parent=5098"}],"wp:term":[{"taxonomy":"category","embeddable":true,"href":"https:\/\/conurbanodiario.com.ar\/index.php?rest_route=%2Fwp%2Fv2%2Fcategories&post=5098"},{"taxonomy":"post_tag","embeddable":true,"href":"https:\/\/conurbanodiario.com.ar\/index.php?rest_route=%2Fwp%2Fv2%2Ftags&post=5098"}],"curies":[{"name":"wp","href":"https:\/\/api.w.org\/{rel}","templated":true}]}}