{"id":5095,"date":"2020-06-23T03:05:00","date_gmt":"2020-06-23T06:05:00","guid":{"rendered":"http:\/\/conurbanodiario.com.ar\/?p=5095"},"modified":"2020-06-21T23:15:52","modified_gmt":"2020-06-22T02:15:52","slug":"emanuel-tripodi-continuara-defendiendo-el-arco-de-chacarita-juniors","status":"publish","type":"post","link":"https:\/\/conurbanodiario.com.ar\/?p=5095","title":{"rendered":"EMANUEL TR\u00cdPODI CONTINUAR\u00c1 DEFENDIENDO EL ARCO DE CHACARITA JUNIORS"},"content":{"rendered":"\n<p>Chacarita Juniors se asegur\u00f3 la continuidad del arquero Emanuel Tr\u00edpodi, al menos hasta el final de la temporada de la primera Nacional, mientras contin\u00faa con las gestiones por la renovaci\u00f3n del v\u00ednculo con el experimentado volante Diego Rivero.<\/p>\n\n\n\n<p>Tr\u00edpodi, de 39 a\u00f1os, -ex guardavalla de Boca Juniors y Quilmes- acord\u00f3 de palabra la extensi\u00f3n de su contrato, en principio hasta el cierre definitivo de la temporada, con posibilidades que se ampli\u00e9 hasta diciembre de 2021, indic\u00f3 una fuente confiable allegada a la dirigencia &#8216;funebrera&#8217;.<\/p>\n\n\n\n<p>A la vez, mantienen conversaciones con el &#8216;Burrito&#8217; Rivero (38) -ex mediocampista de San Lorenzo y Boca Juniors, entre otros-, referente del plantel para extender su v\u00ednculo hasta diciembre de 2021, con la intenci\u00f3n que finalice su carrera profesional en el club de donde surgi\u00f3, seg\u00fan lo se\u00f1alado por el mismo vocero.<\/p>\n\n\n\n<p>En tanto, el t\u00e9cnico Claudio Biaggio podr\u00e1 contar a partir de julio con los jugadores Nehu\u00e9n Montoya, que volver\u00e1 de Trist\u00e1n S\u00faarez, de la Primera B, al concluir su pr\u00e9stamo, lo mismo que Franco Racca y Maximiliano Paredes, que regresar\u00e1n tras su temporada en Atl\u00e9tico de Rafaela, de la primera Nacional. Los tres mantienen contrato vigente con el club de San Mart\u00edn hasta el 30 de junio de 2021.<\/p>\n","protected":false},"excerpt":{"rendered":"<p>Chacarita Juniors se asegur\u00f3 la continuidad del arquero Emanuel Tr\u00edpodi, al menos hasta el final&#8230;<\/p>\n","protected":false},"author":1,"featured_media":59656,"comment_status":"open","ping_status":"open","sticky":false,"template":"","format":"standard","meta":{"footnotes":""},"categories":[32],"tags":[],"class_list":["post-5095","post","type-post","status-publish","format-standard","has-post-thumbnail","hentry","category-deportes"],"_links":{"self":[{"href":"https:\/\/conurbanodiario.com.ar\/index.php?rest_route=\/wp\/v2\/posts\/5095","targetHints":{"allow":["GET"]}}],"collection":[{"href":"https:\/\/conurbanodiario.com.ar\/index.php?rest_route=\/wp\/v2\/posts"}],"about":[{"href":"https:\/\/conurbanodiario.com.ar\/index.php?rest_route=\/wp\/v2\/types\/post"}],"author":[{"embeddable":true,"href":"https:\/\/conurbanodiario.com.ar\/index.php?rest_route=\/wp\/v2\/users\/1"}],"replies":[{"embeddable":true,"href":"https:\/\/conurbanodiario.com.ar\/index.php?rest_route=%2Fwp%2Fv2%2Fcomments&post=5095"}],"version-history":[{"count":1,"href":"https:\/\/conurbanodiario.com.ar\/index.php?rest_route=\/wp\/v2\/posts\/5095\/revisions"}],"predecessor-version":[{"id":5097,"href":"https:\/\/conurbanodiario.com.ar\/index.php?rest_route=\/wp\/v2\/posts\/5095\/revisions\/5097"}],"wp:featuredmedia":[{"embeddable":true,"href":"https:\/\/conurbanodiario.com.ar\/index.php?rest_route=\/wp\/v2\/media\/59656"}],"wp:attachment":[{"href":"https:\/\/conurbanodiario.com.ar\/index.php?rest_route=%2Fwp%2Fv2%2Fmedia&parent=5095"}],"wp:term":[{"taxonomy":"category","embeddable":true,"href":"https:\/\/conurbanodiario.com.ar\/index.php?rest_route=%2Fwp%2Fv2%2Fcategories&post=5095"},{"taxonomy":"post_tag","embeddable":true,"href":"https:\/\/conurbanodiario.com.ar\/index.php?rest_route=%2Fwp%2Fv2%2Ftags&post=5095"}],"curies":[{"name":"wp","href":"https:\/\/api.w.org\/{rel}","templated":true}]}}