{"id":5077,"date":"2020-06-22T03:06:00","date_gmt":"2020-06-22T06:06:00","guid":{"rendered":"http:\/\/conurbanodiario.com.ar\/?p=5077"},"modified":"2020-06-21T21:50:19","modified_gmt":"2020-06-22T00:50:19","slug":"lateral-alvarez-anuncia-su-partida-de-quilmes","status":"publish","type":"post","link":"https:\/\/conurbanodiario.com.ar\/?p=5077","title":{"rendered":"LATERAL \u00c1LVAREZ ANUNCIA SU PARTIDA DE QUILMES"},"content":{"rendered":"\n<p>El lateral Federico \u00c1lvarez anunci\u00f3 en las \u00faltimas horas su partida de Quilmes, al no aceptar la propuesta de pr\u00f3rroga del v\u00ednculo que le hizo el club, a partir de que tiene un ofrecimiento del exterior del pa\u00eds.<\/p>\n\n\n\n<p>El marcador de punta \u2018cervecero\u2019 es uno de los 12 casos del actual plantel del DT Facundo Sava que termina su contrato el pr\u00f3ximo martes 30. Pero el jugador ya avis\u00f3 que seguir\u00e1 su carrera lejos de la entidad del sur bonaerense.<\/p>\n\n\n\n<p>En el medio partidario \u2018Informaci\u00f3n del Cervecero\u2019, Alvarez dej\u00f3 su testimonio de agradecimiento hacia los hinchas quilme\u00f1os.<\/p>\n\n\n\n<p>\u201cAl hincha de Quilmes le digo gracias. Cada partido que jugu\u00e9 me hicieron sentir grande y muy importante. Los voy a llevar siempre en el coraz\u00f3n\u201d, sostuvo el marcador de punta, a modo de despedida.<\/p>\n\n\n\n<p>La segura partida de \u00c1lvarez le podr\u00eda abrir la puerta de acceso al mediocampista por izquierda, Emanuel Moreno, actualmente en Brown de Puerto Madryn, que podr\u00eda ser uno de los refuerzos del \u2018cervecero\u2019, en la hipot\u00e9tica reanudaci\u00f3n del torneo de la Primera Nacional.<\/p>\n","protected":false},"excerpt":{"rendered":"<p>El lateral Federico \u00c1lvarez anunci\u00f3 en las \u00faltimas horas su partida de Quilmes, al no&#8230;<\/p>\n","protected":false},"author":1,"featured_media":59656,"comment_status":"open","ping_status":"open","sticky":false,"template":"","format":"standard","meta":{"footnotes":""},"categories":[32],"tags":[],"class_list":["post-5077","post","type-post","status-publish","format-standard","has-post-thumbnail","hentry","category-deportes"],"_links":{"self":[{"href":"https:\/\/conurbanodiario.com.ar\/index.php?rest_route=\/wp\/v2\/posts\/5077","targetHints":{"allow":["GET"]}}],"collection":[{"href":"https:\/\/conurbanodiario.com.ar\/index.php?rest_route=\/wp\/v2\/posts"}],"about":[{"href":"https:\/\/conurbanodiario.com.ar\/index.php?rest_route=\/wp\/v2\/types\/post"}],"author":[{"embeddable":true,"href":"https:\/\/conurbanodiario.com.ar\/index.php?rest_route=\/wp\/v2\/users\/1"}],"replies":[{"embeddable":true,"href":"https:\/\/conurbanodiario.com.ar\/index.php?rest_route=%2Fwp%2Fv2%2Fcomments&post=5077"}],"version-history":[{"count":1,"href":"https:\/\/conurbanodiario.com.ar\/index.php?rest_route=\/wp\/v2\/posts\/5077\/revisions"}],"predecessor-version":[{"id":5079,"href":"https:\/\/conurbanodiario.com.ar\/index.php?rest_route=\/wp\/v2\/posts\/5077\/revisions\/5079"}],"wp:featuredmedia":[{"embeddable":true,"href":"https:\/\/conurbanodiario.com.ar\/index.php?rest_route=\/wp\/v2\/media\/59656"}],"wp:attachment":[{"href":"https:\/\/conurbanodiario.com.ar\/index.php?rest_route=%2Fwp%2Fv2%2Fmedia&parent=5077"}],"wp:term":[{"taxonomy":"category","embeddable":true,"href":"https:\/\/conurbanodiario.com.ar\/index.php?rest_route=%2Fwp%2Fv2%2Fcategories&post=5077"},{"taxonomy":"post_tag","embeddable":true,"href":"https:\/\/conurbanodiario.com.ar\/index.php?rest_route=%2Fwp%2Fv2%2Ftags&post=5077"}],"curies":[{"name":"wp","href":"https:\/\/api.w.org\/{rel}","templated":true}]}}