{"id":5053,"date":"2020-06-21T03:17:00","date_gmt":"2020-06-21T06:17:00","guid":{"rendered":"http:\/\/conurbanodiario.com.ar\/?p=5053"},"modified":"2020-06-20T20:07:18","modified_gmt":"2020-06-20T23:07:18","slug":"varelenses-homenajearon-a-la-bandera-y-recordaron-a-su-creador","status":"publish","type":"post","link":"https:\/\/conurbanodiario.com.ar\/?p=5053","title":{"rendered":"VARELENSES HOMENAJEARON A LA BANDERA Y RECORDARON A SU CREADOR"},"content":{"rendered":"\n<p>Tal como estaba previsto, ayer por la ma\u00f1ana, el intendente Andr\u00e9s Watson iz\u00f3 el Pabell\u00f3n Nacional en el Monumento a la Bandera que tiene el distrito, en el d\u00eda que se conmemora el bicentenario del paso a la inmortalidad de su creador, el General Manuel Belgrano.<\/p>\n\n\n\n<p>Con las medidas pertinentes de prevenci\u00f3n y distanciamiento establecidas contra la pandemia, el Jefe Comunal, estuvo acompa\u00f1ado por diferentes autoridades y representantes de instituciones del distrito, con quienes adem\u00e1s iz\u00f3 la bandera bonaerense y la varelense, en el d\u00eda del segundo aniversario de su presentaci\u00f3n ante la comunidad.<\/p>\n\n\n\n<p>En la oportunidad, los presentes entonaron el Himno Nacional y Aurora.<\/p>\n\n\n\n<p>Acompa\u00f1aron al Jefe Comunal: la presidenta del Concejo Deliberante, Laura Ravagni; representantes de los diferentes bloques pol\u00edticos que integran el poder deliberativo local; la diputada nacional con mandato cumplido, Graciela Giannettasio de Saiegh; la presidenta del Consejo Escolar, Claudia Allerb\u00f3n; la jefa distrital de Educaci\u00f3n, Ver\u00f3nica Rodriguez; directivos de escuelas, docentes y representantes de las fuerzas de seguridad. Se ley\u00f3 en la ocasi\u00f3n, la adhesi\u00f3n del diputado provincial, Julio Pereyra.<\/p>\n\n\n\n<p>Tras el izamiento, Andr\u00e9s Watson particip\u00f3 del acto virtual que encabez\u00f3 el gobernador Axel Kicillof y en el que estuvieron representantes del alumnado de los 135 distritos de la Provincia.<\/p>\n\n\n\n<p>Por Florencio Varela, tambi\u00e9n form\u00f3 parte Daisy Huaranca Alaca, acompa\u00f1ada de su padre y de la jefa distrital de Educaci\u00f3n.<\/p>\n\n\n\n<p>\u201cConmemoramos el D\u00eda de la Bandera porque hace 200 a\u00f1os pasaba a la inmortalidad su creador, el General Manuel Belgrano, uno de los patriotas m\u00e1s importantes que tuvo el pa\u00eds, que luch\u00f3 por nuestra libertad y soberan\u00eda. Bajo esos colores que nos unen y siguiendo su legado, vamos a seguir trabajando en estos momentos dif\u00edciles para construir un pa\u00eds mejor y poner a la Argentina de pie\u201d, escribi\u00f3 en sus rede sociales Watson luego de las ceremonias.<\/p>\n\n\n\n<p>Cabe destacar que a trav\u00e9s del Decreto 2\/2020, publicado en el Bolet\u00edn Oficial el 3 de enero, el Gobierno Nacional determin\u00f3 el 2020 como el \u201cA\u00f1o del General Manuel Belgrano\u201d, resaltando su destacada actuaci\u00f3n p\u00fablica en el proceso que condujo a la independencia de nuestro pa\u00eds en el marco de las luchas por la emancipaci\u00f3n sudamericana.<\/p>\n\n\n\n<p>Desde el Municipio, a trav\u00e9s de la secretar\u00eda de Cultura, Deportes y Recreaci\u00f3n, tambi\u00e9n se impuls\u00f3 la recordaci\u00f3n en redes sociales y hogares, con piezas musicales alusivas, entre ellas las interpretadas por la Orquesta Escuela y orquestas y coros del bicentenario (<a href=\"https:\/\/1drv.ms\/v\/s!AhXvMWS5FgjmgfQGSVBqSyTyiWDdgQ\">https:\/\/1drv.ms\/v\/s!AhXvMWS5FgjmgfQGSVBqSyTyiWDdgQ<\/a>), la de la orquesta de arpas (<a href=\"https:\/\/we.tl\/t-eQXpkwts7J\">https:\/\/we.tl\/t-eQXpkwts7J<\/a>) y la de la Orquesta Sinf\u00f3nica municipal (<a href=\"https:\/\/wetransfer.com\/downloads\/1df2fa59aef387b58dcfc0660a155b4e20200619164737\/942494a54810a7ba1433ce0cfadf733c20200619164758\/36d6b8\">https:\/\/wetransfer.com\/downloads\/1df2fa59aef387b58dcfc0660a155b4e20200619164737\/942494a54810a7ba1433ce0cfadf733c20200619164758\/36d6b8<\/a>).<\/p>\n","protected":false},"excerpt":{"rendered":"<p>Tal como estaba previsto, ayer por la ma\u00f1ana, el intendente Andr\u00e9s Watson iz\u00f3 el Pabell\u00f3n&#8230;<\/p>\n","protected":false},"author":1,"featured_media":59656,"comment_status":"open","ping_status":"open","sticky":false,"template":"","format":"standard","meta":{"footnotes":""},"categories":[3],"tags":[],"class_list":["post-5053","post","type-post","status-publish","format-standard","has-post-thumbnail","hentry","category-informacion-general"],"_links":{"self":[{"href":"https:\/\/conurbanodiario.com.ar\/index.php?rest_route=\/wp\/v2\/posts\/5053","targetHints":{"allow":["GET"]}}],"collection":[{"href":"https:\/\/conurbanodiario.com.ar\/index.php?rest_route=\/wp\/v2\/posts"}],"about":[{"href":"https:\/\/conurbanodiario.com.ar\/index.php?rest_route=\/wp\/v2\/types\/post"}],"author":[{"embeddable":true,"href":"https:\/\/conurbanodiario.com.ar\/index.php?rest_route=\/wp\/v2\/users\/1"}],"replies":[{"embeddable":true,"href":"https:\/\/conurbanodiario.com.ar\/index.php?rest_route=%2Fwp%2Fv2%2Fcomments&post=5053"}],"version-history":[{"count":2,"href":"https:\/\/conurbanodiario.com.ar\/index.php?rest_route=\/wp\/v2\/posts\/5053\/revisions"}],"predecessor-version":[{"id":5056,"href":"https:\/\/conurbanodiario.com.ar\/index.php?rest_route=\/wp\/v2\/posts\/5053\/revisions\/5056"}],"wp:featuredmedia":[{"embeddable":true,"href":"https:\/\/conurbanodiario.com.ar\/index.php?rest_route=\/wp\/v2\/media\/59656"}],"wp:attachment":[{"href":"https:\/\/conurbanodiario.com.ar\/index.php?rest_route=%2Fwp%2Fv2%2Fmedia&parent=5053"}],"wp:term":[{"taxonomy":"category","embeddable":true,"href":"https:\/\/conurbanodiario.com.ar\/index.php?rest_route=%2Fwp%2Fv2%2Fcategories&post=5053"},{"taxonomy":"post_tag","embeddable":true,"href":"https:\/\/conurbanodiario.com.ar\/index.php?rest_route=%2Fwp%2Fv2%2Ftags&post=5053"}],"curies":[{"name":"wp","href":"https:\/\/api.w.org\/{rel}","templated":true}]}}