{"id":5050,"date":"2020-06-21T06:38:00","date_gmt":"2020-06-21T09:38:00","guid":{"rendered":"http:\/\/conurbanodiario.com.ar\/?p=5050"},"modified":"2020-06-20T18:43:24","modified_gmt":"2020-06-20T21:43:24","slug":"el-ministerio-de-salud-de-la-nacion-actualizo-la-definicion-de-caso-sospechoso","status":"publish","type":"post","link":"https:\/\/conurbanodiario.com.ar\/?p=5050","title":{"rendered":"El Ministerio de Salud de la Naci\u00f3n actualiz\u00f3 la definici\u00f3n de caso sospechoso"},"content":{"rendered":"\n<p><strong>La Municipalidad de Berazategui, a trav\u00e9s de la Secretar\u00eda de Salud, informa la actualizaci\u00f3n de la definici\u00f3n de caso sospechoso de Coronavirus (COVID-19), dictada por el Ministerio de Salud de la Naci\u00f3n.<\/strong><\/p>\n\n\n\n<p>Estos son los cuatro nuevos criterios para sospechar la enfermedad y definir si una persona debe ser testeada:<\/p>\n\n\n\n<p>1- Presentar dos o m\u00e1s de los siguientes s\u00edntomas, sin otra enfermedad que explique completamente el cuadro cl\u00ednico:<\/p>\n\n\n\n<p>&nbsp;\u2022 Fiebre (37.5\u00b0C o m\u00e1s).<br>&nbsp;\u2022 Tos.<br>&nbsp;\u2022 Odinofagia (dolor de garganta).<br>&nbsp;\u2022 Dificultad respiratoria.<br>&nbsp;\u2022 Anosmia\/disgeusia de reciente aparici\u00f3n (falta de olfato o gusto).<\/p>\n\n\n\n<p>Que en los \u00faltimos 14 d\u00edas:<\/p>\n\n\n\n<p>*Tenga un historial de viaje fuera o dentro del pa\u00eds, a zonas de transmisi\u00f3n local (ya sea comunitaria o por conglomerados).<\/p>\n\n\n\n<p>*Haya residido en zonas de transmisi\u00f3n local (ya sea comunitaria o por conglomerados) de COVID-19 en Argentina; que resida o trabaje en instituciones cerradas o de internaci\u00f3n prolongada (penitenciarias, residencias de adultos mayores, instituciones neuropsiqui\u00e1tricas, hogares de ni\u00f1as y ni\u00f1os), que sea Personal esencial (Fuerzas de seguridad y Fuerzas Armadas), que brinde asistencia a personas mayores, o&nbsp;resida en barrios populares o pueblos originarios (aquellos donde la mitad de la poblaci\u00f3n no cuenta con t\u00edtulo de propiedad, ni acceso a dos o m\u00e1s servicios b\u00e1sicos. Fuente: Registro Nacional de Barrios Populares).<\/p>\n\n\n\n<p>2- Toda persona que presente dos o m\u00e1s de los siguientes s\u00edntomas: tos, dolor de garganta, dificultad para respirar, p\u00e9rdida de olfato o gusto, fiebre (37.5\u00b0C o m\u00e1s), sin otra enfermedad que explique completamente el cuadro cl\u00ednico y requiera internaci\u00f3n, independientemente del nexo epidemiol\u00f3gico.<\/p>\n\n\n\n<p>3- Toda persona que sea contacto estrecho con un caso confirmado de COVID-19:&nbsp;Ante la presencia de 1 o m\u00e1s de estos s\u00edntomas: fiebre (37.5\u00b0C o m\u00e1s), tos, dolor de garganta, dificultad para respirar, y p\u00e9rdida de olfato o gusto.<\/p>\n\n\n\n<p>4- Todo paciente que presente anosmia\/disgeusia (falta de olfato o gusto), de reciente aparici\u00f3n y sin otros s\u00edntomas u otra enfermedad que explique completamente el cuadro cl\u00ednico. Ante la presencia de \u00e9ste como \u00fanico s\u00edntoma, se indicar\u00e1 aislamiento durante 72 horas, indicando toma de muestra para diagn\u00f3stico, al tercer d\u00eda de iniciado los s\u00edntomas.<\/p>\n\n\n\n<p>Sobre esta cuesti\u00f3n, el intendente de Berazategui, Juan Jos\u00e9 Mussi, enfatiz\u00f3 que \u00aben caso de tener alguno de los s\u00edntomas caracter\u00edsticos del Coronavirus, inmediatamente comun\u00edquense al 148, no importa la hora. Pero por favor no se automediquen, porque les bajar\u00e1 la fiebre pero la enfermedad seguir\u00e1 estando\u201d.<\/p>\n\n\n\n<p>En caso de presentar alguno de los s\u00edntomas, aunque sean leves, no se debe acudir a las guardias m\u00e9dicas ni automedicarse. Se debe comunicar al 148 o al 107 del SAME las 24 horas.<\/p>\n","protected":false},"excerpt":{"rendered":"<p>La Municipalidad de Berazategui, a trav\u00e9s de la Secretar\u00eda de Salud, informa la actualizaci\u00f3n de&#8230;<\/p>\n","protected":false},"author":1,"featured_media":59656,"comment_status":"open","ping_status":"open","sticky":false,"template":"","format":"standard","meta":{"footnotes":""},"categories":[31],"tags":[],"class_list":["post-5050","post","type-post","status-publish","format-standard","has-post-thumbnail","hentry","category-salud"],"_links":{"self":[{"href":"https:\/\/conurbanodiario.com.ar\/index.php?rest_route=\/wp\/v2\/posts\/5050","targetHints":{"allow":["GET"]}}],"collection":[{"href":"https:\/\/conurbanodiario.com.ar\/index.php?rest_route=\/wp\/v2\/posts"}],"about":[{"href":"https:\/\/conurbanodiario.com.ar\/index.php?rest_route=\/wp\/v2\/types\/post"}],"author":[{"embeddable":true,"href":"https:\/\/conurbanodiario.com.ar\/index.php?rest_route=\/wp\/v2\/users\/1"}],"replies":[{"embeddable":true,"href":"https:\/\/conurbanodiario.com.ar\/index.php?rest_route=%2Fwp%2Fv2%2Fcomments&post=5050"}],"version-history":[{"count":1,"href":"https:\/\/conurbanodiario.com.ar\/index.php?rest_route=\/wp\/v2\/posts\/5050\/revisions"}],"predecessor-version":[{"id":5052,"href":"https:\/\/conurbanodiario.com.ar\/index.php?rest_route=\/wp\/v2\/posts\/5050\/revisions\/5052"}],"wp:featuredmedia":[{"embeddable":true,"href":"https:\/\/conurbanodiario.com.ar\/index.php?rest_route=\/wp\/v2\/media\/59656"}],"wp:attachment":[{"href":"https:\/\/conurbanodiario.com.ar\/index.php?rest_route=%2Fwp%2Fv2%2Fmedia&parent=5050"}],"wp:term":[{"taxonomy":"category","embeddable":true,"href":"https:\/\/conurbanodiario.com.ar\/index.php?rest_route=%2Fwp%2Fv2%2Fcategories&post=5050"},{"taxonomy":"post_tag","embeddable":true,"href":"https:\/\/conurbanodiario.com.ar\/index.php?rest_route=%2Fwp%2Fv2%2Ftags&post=5050"}],"curies":[{"name":"wp","href":"https:\/\/api.w.org\/{rel}","templated":true}]}}