{"id":5047,"date":"2020-06-22T03:08:00","date_gmt":"2020-06-22T06:08:00","guid":{"rendered":"http:\/\/conurbanodiario.com.ar\/?p=5047"},"modified":"2020-06-20T18:36:20","modified_gmt":"2020-06-20T21:36:20","slug":"se-presentan-los-textos-seleccionados-del-siervo-de-dios-jorge-novak","status":"publish","type":"post","link":"https:\/\/conurbanodiario.com.ar\/?p=5047","title":{"rendered":"SE PRESENTAN LOS \u00abTEXTOS SELECCIONADOS\u00bb DEL SIERVO DE DIOS JORGE NOVAK"},"content":{"rendered":"\n<p>En este mes de preparaci\u00f3n a un nuevo aniversario de la Pascua del Siervo de Dios Jorge Novak, primer Obispo de Quilmes, el sitio web de lo archivo digitalizado de sus escritos (<a href=\"http:\/\/obisquil.mailrelay-iv.com\/newslink\/855402\/261.html\" target=\"_blank\" rel=\"noreferrer noopener\">www.archivojorgenovak.org.ar<\/a>)&nbsp;inaugura el apartado \u201cTextos seleccionados\u201d, donde cada mes se subir\u00e1 material que acerque a su pensamiento, oraciones y homil\u00edas.<\/p>\n\n\n\n<p>En esta oportunidad, en el marco del a\u00f1o mariano nacional,&nbsp;se presenta la oraci\u00f3n de consagraci\u00f3n que el Padre Obispo Novak hizo al Inmaculado Coraz\u00f3n de Mar\u00eda el 8 de diciembre de 1985, el d\u00eda de su primera misa p\u00fablica despu\u00e9s de su recuperaci\u00f3n del S\u00edndrome de Guillain-Barr\u00e9.<\/p>\n\n\n\n<p>Se recuerda, adem\u00e1s, que en&nbsp;<a href=\"http:\/\/obisquil.mailrelay-iv.com\/newslink\/855402\/261.html\" target=\"_blank\" rel=\"noreferrer noopener\">www.archivojorgenovak.org.ar<\/a>&nbsp;se pueden encontrar homil\u00edas, conferencias, subsidios, mensajes radiales, cartas pastorales, rese\u00f1as mensuales, como tambi\u00e9n publicaciones que han hecho sobre \u00e9l, y textos de los S\u00ednodos y Asambleas.<\/p>\n","protected":false},"excerpt":{"rendered":"<p>En este mes de preparaci\u00f3n a un nuevo aniversario de la Pascua del Siervo de&#8230;<\/p>\n","protected":false},"author":1,"featured_media":59656,"comment_status":"open","ping_status":"open","sticky":false,"template":"","format":"standard","meta":{"footnotes":""},"categories":[3],"tags":[],"class_list":["post-5047","post","type-post","status-publish","format-standard","has-post-thumbnail","hentry","category-informacion-general"],"_links":{"self":[{"href":"https:\/\/conurbanodiario.com.ar\/index.php?rest_route=\/wp\/v2\/posts\/5047","targetHints":{"allow":["GET"]}}],"collection":[{"href":"https:\/\/conurbanodiario.com.ar\/index.php?rest_route=\/wp\/v2\/posts"}],"about":[{"href":"https:\/\/conurbanodiario.com.ar\/index.php?rest_route=\/wp\/v2\/types\/post"}],"author":[{"embeddable":true,"href":"https:\/\/conurbanodiario.com.ar\/index.php?rest_route=\/wp\/v2\/users\/1"}],"replies":[{"embeddable":true,"href":"https:\/\/conurbanodiario.com.ar\/index.php?rest_route=%2Fwp%2Fv2%2Fcomments&post=5047"}],"version-history":[{"count":1,"href":"https:\/\/conurbanodiario.com.ar\/index.php?rest_route=\/wp\/v2\/posts\/5047\/revisions"}],"predecessor-version":[{"id":5049,"href":"https:\/\/conurbanodiario.com.ar\/index.php?rest_route=\/wp\/v2\/posts\/5047\/revisions\/5049"}],"wp:featuredmedia":[{"embeddable":true,"href":"https:\/\/conurbanodiario.com.ar\/index.php?rest_route=\/wp\/v2\/media\/59656"}],"wp:attachment":[{"href":"https:\/\/conurbanodiario.com.ar\/index.php?rest_route=%2Fwp%2Fv2%2Fmedia&parent=5047"}],"wp:term":[{"taxonomy":"category","embeddable":true,"href":"https:\/\/conurbanodiario.com.ar\/index.php?rest_route=%2Fwp%2Fv2%2Fcategories&post=5047"},{"taxonomy":"post_tag","embeddable":true,"href":"https:\/\/conurbanodiario.com.ar\/index.php?rest_route=%2Fwp%2Fv2%2Ftags&post=5047"}],"curies":[{"name":"wp","href":"https:\/\/api.w.org\/{rel}","templated":true}]}}