{"id":5031,"date":"2020-06-20T03:01:00","date_gmt":"2020-06-20T06:01:00","guid":{"rendered":"http:\/\/conurbanodiario.com.ar\/?p=5031"},"modified":"2020-08-19T02:30:02","modified_gmt":"2020-08-19T05:30:02","slug":"berazategui-quilmes-y-varela-recibieron-barbijos-quirurgicos","status":"publish","type":"post","link":"https:\/\/conurbanodiario.com.ar\/?p=5031","title":{"rendered":"BERAZATEGUI, QUILMES Y VARELA RECIBIERON BARBIJOS QUIR\u00daRGICOS"},"content":{"rendered":"\n<p><strong>En el marco de la emergencia sanitaria que atraviesa el pa\u00eds, la Fundaci\u00f3n COAS (Cooperadora de Acci\u00f3n Social) entreg\u00f3 m\u00e1s de 60.000 barbijos quir\u00fargicos que ser\u00e1n distribuidos entre las ciudades de Berazategui, Florencio Varela y Quilmes. Dichos elementos de protecci\u00f3n ser\u00e1n empleados en Centros de Salud municipales y Centros de aislamiento extrahospitalarios para pacientes con COVID-19.<\/strong><\/p>\n\n\n\n<p>El encuentro se desarroll\u00f3 en la Municipalidad de Berazategui y cont\u00f3 con la participaci\u00f3n de las m\u00e1ximas autoridades de Salud de dichos distritos.<\/p>\n\n\n\n<p>\u201cEstamos muy agradecidos a la Fundaci\u00f3n COAS, especialmente a su presidenta, la se\u00f1ora Ani Mestre, quien a trav\u00e9s de la gesti\u00f3n del intendente de Berazategui, Dr. Juan Jos\u00e9 Mussi, nos hizo esta importante donaci\u00f3n, tanto para nuestro municipio como para los de Quilmes y Florencio Varela\u201d, explic\u00f3 el secretario de Salud P\u00fablica e Higiene, Dr. Pablo Costa, y detall\u00f3: \u201cSe trata de m\u00e1s 20 mil barbijos quir\u00fargicos para cada uno de las comunas, que en nuestro caso ser\u00e1n entregados en los Centros de salud municipales y en los de aislamiento extrahospitalarios\u201d.<\/p>\n\n\n\n<p>En la misma l\u00ednea, el secretario de Salud de Quilmes, Jonatan Konfino, expres\u00f3: \u201cQuiero agradecerle al Municipio de Berazategui por la gesti\u00f3n; y a la presidenta de la Fundaci\u00f3n COAS, Ani Mestre, por su generosidad. Gracias a ellos, hemos recibido estos 24 mil barbijos quir\u00fargicos, que van a estar a disposici\u00f3n de personal de salud y de todos los trabajadores del Municipio que as\u00ed lo requieran, porque el principal objetivo es que contribuyan a efectivizar todas las medidas recomendadas a nivel nacional para prevenir la propagaci\u00f3n del Coronavirus\u201d.<\/p>\n\n\n\n<p>Por su parte, el secretario de Salud de Florencio Varela, Rub\u00e9n Trepichio, manifest\u00f3: \u201cDe parte de nuestro intendente, Andr\u00e9s Watson, queremos expresarle nuestro agradecimiento a la se\u00f1ora Ani Mestre; y al Dr. Juan Jos\u00e9 Mussi, quienes han hecho posible esta donaci\u00f3n para nuestro Municipio\u201d. En cuanto al destino de los barbijos, el Funcionario indic\u00f3: \u201cSer\u00e1n utilizados en todos los Centros de salud y los de aislamiento que tenemos preparados en nuestro distrito, donde actualmente se encuentran muchos pacientes internados, con el fin de mitigar -de alguna manera- esta pandemia\u201d.<\/p>\n","protected":false},"excerpt":{"rendered":"<p>En el marco de la emergencia sanitaria que atraviesa el pa\u00eds, la Fundaci\u00f3n COAS (Cooperadora&#8230;<\/p>\n","protected":false},"author":1,"featured_media":59656,"comment_status":"open","ping_status":"open","sticky":false,"template":"","format":"standard","meta":{"footnotes":""},"categories":[31],"tags":[],"class_list":["post-5031","post","type-post","status-publish","format-standard","has-post-thumbnail","hentry","category-salud"],"_links":{"self":[{"href":"https:\/\/conurbanodiario.com.ar\/index.php?rest_route=\/wp\/v2\/posts\/5031","targetHints":{"allow":["GET"]}}],"collection":[{"href":"https:\/\/conurbanodiario.com.ar\/index.php?rest_route=\/wp\/v2\/posts"}],"about":[{"href":"https:\/\/conurbanodiario.com.ar\/index.php?rest_route=\/wp\/v2\/types\/post"}],"author":[{"embeddable":true,"href":"https:\/\/conurbanodiario.com.ar\/index.php?rest_route=\/wp\/v2\/users\/1"}],"replies":[{"embeddable":true,"href":"https:\/\/conurbanodiario.com.ar\/index.php?rest_route=%2Fwp%2Fv2%2Fcomments&post=5031"}],"version-history":[{"count":1,"href":"https:\/\/conurbanodiario.com.ar\/index.php?rest_route=\/wp\/v2\/posts\/5031\/revisions"}],"predecessor-version":[{"id":5033,"href":"https:\/\/conurbanodiario.com.ar\/index.php?rest_route=\/wp\/v2\/posts\/5031\/revisions\/5033"}],"wp:featuredmedia":[{"embeddable":true,"href":"https:\/\/conurbanodiario.com.ar\/index.php?rest_route=\/wp\/v2\/media\/59656"}],"wp:attachment":[{"href":"https:\/\/conurbanodiario.com.ar\/index.php?rest_route=%2Fwp%2Fv2%2Fmedia&parent=5031"}],"wp:term":[{"taxonomy":"category","embeddable":true,"href":"https:\/\/conurbanodiario.com.ar\/index.php?rest_route=%2Fwp%2Fv2%2Fcategories&post=5031"},{"taxonomy":"post_tag","embeddable":true,"href":"https:\/\/conurbanodiario.com.ar\/index.php?rest_route=%2Fwp%2Fv2%2Ftags&post=5031"}],"curies":[{"name":"wp","href":"https:\/\/api.w.org\/{rel}","templated":true}]}}