{"id":5017,"date":"2020-06-20T05:06:00","date_gmt":"2020-06-20T08:06:00","guid":{"rendered":"http:\/\/conurbanodiario.com.ar\/?p=5017"},"modified":"2020-06-19T19:00:29","modified_gmt":"2020-06-19T22:00:29","slug":"andres-watson-felicito-por-teleconferencia-al-nadador-varelense-seba-galleguillo-integrante-de-la-seleccion-argentina","status":"publish","type":"post","link":"https:\/\/conurbanodiario.com.ar\/?p=5017","title":{"rendered":"ANDR\u00c9S WATSON FELICIT\u00d3 POR TELECONFERENCIA AL NADADOR VARELENSE SEBA GALLEGUILLO, INTEGRANTE DE LA SELECCI\u00d3N ARGENTINA"},"content":{"rendered":"\n<p>El Intendente Andr\u00e9s Watson mantuvo una reuni\u00f3n por teleconferencia con el deportista varelense Sebasti\u00e1n Galleguillo, nadador que integra la selecci\u00f3n argentina y escribi\u00f3 en sus redes sociales: \u201cHoy -por ayer- estuve charlando con el nadador Seba Galleguillo, el joven varelense que integra la Selecci\u00f3n Argentina y sus pap\u00e1s. Su pap\u00e1, con ingenio le construy\u00f3 una pileta en casa para que pueda entrenar durante la cuarentena\u201d.<\/p>\n\n\n\n<p>Luego, felicit\u00f3 al varelense y expres\u00f3: \u201cSebasti\u00e1n es un orgullo para nosotros, nos llena de emoci\u00f3n por su compromiso y pasi\u00f3n, y su familia es un claro ejemplo de amor y esfuerzo\u201d.<\/p>\n\n\n\n<p><strong>Una historia de deporte a base de esfuerzo y amor<\/strong><\/p>\n\n\n\n<p>En el contexto actual de aislamiento social, preventivo y obligatorio, el deportista Sebasti\u00e1n Galleguillo no ten\u00eda manera de seguir con sus entrenamientos, entonces si familia le construy\u00f3 una pileta en su hogar para que \u00e9l pueda seguir ejercit\u00e1ndose.&nbsp;<\/p>\n\n\n\n<p>En este sentido, el Mandatario Comunal en esa charla amena le dijo: \u201cMe alegro Seba porque para nosotros que un vecino de Florencio Varela, como vos que se preparara, que se entrena, es un orgullo. Ese sentimiento que ten\u00e9s, lo sentimos tambi\u00e9n por vos. No ten\u00e9s que bajar los brazos, ya que ten\u00e9s una carrera por delante. No me cabe duda que nos vas a seguir llenando de orgullo a todos los varelenses. Te felicito\u201d.&nbsp;<\/p>\n\n\n\n<p>Sin dudas, \u00e9sta es una historia donde a base de amor y sacrificio el deportista exhibe sus ganas de seguir mejorando pese a la pandemia del Covid-19 y se motiva para continuar representando a la Selecci\u00f3n Nacional de nadadores con discapacidad auditiva y al distrito de Florencio Varela.&nbsp;&nbsp;<\/p>\n","protected":false},"excerpt":{"rendered":"<p>El Intendente Andr\u00e9s Watson mantuvo una reuni\u00f3n por teleconferencia con el deportista varelense Sebasti\u00e1n Galleguillo,&#8230;<\/p>\n","protected":false},"author":1,"featured_media":59656,"comment_status":"open","ping_status":"open","sticky":false,"template":"","format":"standard","meta":{"footnotes":""},"categories":[32],"tags":[],"class_list":["post-5017","post","type-post","status-publish","format-standard","has-post-thumbnail","hentry","category-deportes"],"_links":{"self":[{"href":"https:\/\/conurbanodiario.com.ar\/index.php?rest_route=\/wp\/v2\/posts\/5017","targetHints":{"allow":["GET"]}}],"collection":[{"href":"https:\/\/conurbanodiario.com.ar\/index.php?rest_route=\/wp\/v2\/posts"}],"about":[{"href":"https:\/\/conurbanodiario.com.ar\/index.php?rest_route=\/wp\/v2\/types\/post"}],"author":[{"embeddable":true,"href":"https:\/\/conurbanodiario.com.ar\/index.php?rest_route=\/wp\/v2\/users\/1"}],"replies":[{"embeddable":true,"href":"https:\/\/conurbanodiario.com.ar\/index.php?rest_route=%2Fwp%2Fv2%2Fcomments&post=5017"}],"version-history":[{"count":1,"href":"https:\/\/conurbanodiario.com.ar\/index.php?rest_route=\/wp\/v2\/posts\/5017\/revisions"}],"predecessor-version":[{"id":5019,"href":"https:\/\/conurbanodiario.com.ar\/index.php?rest_route=\/wp\/v2\/posts\/5017\/revisions\/5019"}],"wp:featuredmedia":[{"embeddable":true,"href":"https:\/\/conurbanodiario.com.ar\/index.php?rest_route=\/wp\/v2\/media\/59656"}],"wp:attachment":[{"href":"https:\/\/conurbanodiario.com.ar\/index.php?rest_route=%2Fwp%2Fv2%2Fmedia&parent=5017"}],"wp:term":[{"taxonomy":"category","embeddable":true,"href":"https:\/\/conurbanodiario.com.ar\/index.php?rest_route=%2Fwp%2Fv2%2Fcategories&post=5017"},{"taxonomy":"post_tag","embeddable":true,"href":"https:\/\/conurbanodiario.com.ar\/index.php?rest_route=%2Fwp%2Fv2%2Ftags&post=5017"}],"curies":[{"name":"wp","href":"https:\/\/api.w.org\/{rel}","templated":true}]}}