{"id":5011,"date":"2020-06-20T05:08:00","date_gmt":"2020-06-20T08:08:00","guid":{"rendered":"http:\/\/conurbanodiario.com.ar\/?p=5011"},"modified":"2020-06-19T18:44:35","modified_gmt":"2020-06-19T21:44:35","slug":"acuerdo-con-la-linea-148-que-volvera-a-circular-por-maurino-entre-zapiola-y-lynch","status":"publish","type":"post","link":"https:\/\/conurbanodiario.com.ar\/?p=5011","title":{"rendered":"Acuerdo con la L\u00ednea 148 que volver\u00e1 a circular por Mauri\u00f1o entre Zapiola y Lynch"},"content":{"rendered":"\n<p>El Municipio de Quilmes informa que durante la jornada de ayer se recibi\u00f3 en la Secretar\u00eda de Seguridad y Ordenamiento Urbano local, a cargo de Gaspar De St\u00e9fano, a representantes gremiales y de la empresa de la l\u00ednea 148, en una reuni\u00f3n de la que tambi\u00e9n participaron integrantes del Ministerio de Seguridad de la Provincia de Buenos Aires.<\/p>\n\n\n\n<p>En virtud de la problem\u00e1tica planteada, hubo un acuerdo entre todas las partes consistente en el refuerzo del operativo policial junto con mayores controles vehiculares y de circulaci\u00f3n sobre la calle Mauri\u00f1o entre Zapiola y Lynch, as\u00ed como el compromiso de parte de la empresa y de sus trabajadores, de reanudar, a partir del d\u00eda de hoy, s\u00e1bado 20 de Junio, los recorridos habituales de dicha l\u00ednea en sus ramales H e I.<\/p>\n\n\n\n<p>Desde la Comuna se agradece la buena predisposici\u00f3n de las partes involucradas para resolver el conflicto suscitado y as\u00ed devolver el servicio de transporte p\u00fablico a los vecinos y vecinas de Quilmes.<\/p>\n","protected":false},"excerpt":{"rendered":"<p>El Municipio de Quilmes informa que durante la jornada de ayer se recibi\u00f3 en la&#8230;<\/p>\n","protected":false},"author":1,"featured_media":59656,"comment_status":"open","ping_status":"open","sticky":false,"template":"","format":"standard","meta":{"footnotes":""},"categories":[3],"tags":[],"class_list":["post-5011","post","type-post","status-publish","format-standard","has-post-thumbnail","hentry","category-informacion-general"],"_links":{"self":[{"href":"https:\/\/conurbanodiario.com.ar\/index.php?rest_route=\/wp\/v2\/posts\/5011","targetHints":{"allow":["GET"]}}],"collection":[{"href":"https:\/\/conurbanodiario.com.ar\/index.php?rest_route=\/wp\/v2\/posts"}],"about":[{"href":"https:\/\/conurbanodiario.com.ar\/index.php?rest_route=\/wp\/v2\/types\/post"}],"author":[{"embeddable":true,"href":"https:\/\/conurbanodiario.com.ar\/index.php?rest_route=\/wp\/v2\/users\/1"}],"replies":[{"embeddable":true,"href":"https:\/\/conurbanodiario.com.ar\/index.php?rest_route=%2Fwp%2Fv2%2Fcomments&post=5011"}],"version-history":[{"count":1,"href":"https:\/\/conurbanodiario.com.ar\/index.php?rest_route=\/wp\/v2\/posts\/5011\/revisions"}],"predecessor-version":[{"id":5013,"href":"https:\/\/conurbanodiario.com.ar\/index.php?rest_route=\/wp\/v2\/posts\/5011\/revisions\/5013"}],"wp:featuredmedia":[{"embeddable":true,"href":"https:\/\/conurbanodiario.com.ar\/index.php?rest_route=\/wp\/v2\/media\/59656"}],"wp:attachment":[{"href":"https:\/\/conurbanodiario.com.ar\/index.php?rest_route=%2Fwp%2Fv2%2Fmedia&parent=5011"}],"wp:term":[{"taxonomy":"category","embeddable":true,"href":"https:\/\/conurbanodiario.com.ar\/index.php?rest_route=%2Fwp%2Fv2%2Fcategories&post=5011"},{"taxonomy":"post_tag","embeddable":true,"href":"https:\/\/conurbanodiario.com.ar\/index.php?rest_route=%2Fwp%2Fv2%2Ftags&post=5011"}],"curies":[{"name":"wp","href":"https:\/\/api.w.org\/{rel}","templated":true}]}}