{"id":5004,"date":"2020-06-20T05:05:00","date_gmt":"2020-06-20T08:05:00","guid":{"rendered":"http:\/\/conurbanodiario.com.ar\/?p=5004"},"modified":"2020-06-19T18:25:09","modified_gmt":"2020-06-19T21:25:09","slug":"el-municipio-de-quilmes-avanza-en-la-busqueda-activa-de-casos-de-coronavirus-en-los-barrios-dreymar-y-el-tala","status":"publish","type":"post","link":"https:\/\/conurbanodiario.com.ar\/?p=5004","title":{"rendered":"EL MUNICIPIO DE QUILMES AVANZA EN LA B\u00daSQUEDA ACTIVA DE CASOS DE CORONAVIRUS EN LOS BARRIOS DREYMAR Y EL TALA"},"content":{"rendered":"\n<p>El Municipio de Quilmes desarroll\u00f3 ayer viernes una nueva jornada de b\u00fasqueda activa de casos sospechosos de coronavirus del programa DETeCTAr + Cuidarnos en los barrios Dreymar y El Tala, en la zona oeste del distrito, en el marco de las acciones dispuestas por la intendenta de Quilmes, Mayra Mendoza, para identificar personas que presenten s\u00edntomas de COVID 19 y frenar el avance del virus.<\/p>\n\n\n\n<p>\u00abLa idea es tratar de cubrir la mayor parte del municipio para poder ir identificando los casos, cortar el ciclo de transmisi\u00f3n del virus y de alguna manera tener el abordaje necesario para detener esta pandemia\u00bb, remarc\u00f3 la Jefa comunal.<\/p>\n\n\n\n<p>Desde el Centro Comunitario Exaltaci\u00f3n de la Santa Cruz, de calles 815 bis y 894, en el barrio El Tala, los promotores comunitarios articularon los trabajos de prevenci\u00f3n del Dispositivo Estrat\u00e9gico de Testeo para Coronavirus en Terreno de Argentina (DETeCTAr) y del programa municipal Cuidarnos, en el que recorren los barrios casa por casa, les hacen un cuestionario, siguen el protocolo para los hisopados en el cami\u00f3n sanitario y difunden medidas preventivas.<\/p>\n\n\n\n<p>Las autoridades sanitarias indicaron que es importante mantener distanciamiento y tomar las precauciones de contacto: \u00abLa idea es ingresar al barrio para poder identificar personas que tengan alg\u00fan s\u00edntoma compatible con coronavirus y que hasta el momento no se hayan contactado con el sistema de salud (porque los s\u00edntomas son leves, o porque no los relacionan con s\u00edntomas compatibles con el coronavirus, o no pudieron dejar a sus hijos chiquitos solos, son personas a\u00f1osas o tienen otra enfermedad), acompa\u00f1arlos al cami\u00f3n donde estamos realizando los testeos y posteriormente a trav\u00e9s del CAPS y el equipo de Salud, se informar\u00e1n los resultados\u201d, indic\u00f3 la subsecretaria de Planificaci\u00f3n Sanitaria de la Secretar\u00eda de Salud de Quilmes, Carolina Begue.<\/p>\n\n\n\n<p>En el caso de identificar alg\u00fan confirmado para coronaviurs, se realiza la investigaci\u00f3n del caso para identificar los contactos estrechos y su traslado a un centro de aislamiento o a un hospital, en funci\u00f3n de su cuadro cl\u00ednico y sus comorbilidades.<\/p>\n\n\n\n<p>Del mismo modo, resaltaron que ante la emergencia los barrios requieren de una atenci\u00f3n comunitaria que acompa\u00f1e a los grupos de riesgo y difundan las medidas para cumplir con la prevenci\u00f3n. Es un trabajo que se est\u00e1 haciendo en conjunto con los promotores de salud del Municipio, referentes territoriales, gente del barrio que conoce a los vecinos, de epidemiolog\u00eda que completa las fichas y los datos de la gente y los m\u00e9dicos que hacen el triage y el testeo en conjunto con la Provincia y el apoyo de Naci\u00f3n.<\/p>\n","protected":false},"excerpt":{"rendered":"<p>El Municipio de Quilmes desarroll\u00f3 ayer viernes una nueva jornada de b\u00fasqueda activa de casos&#8230;<\/p>\n","protected":false},"author":1,"featured_media":59656,"comment_status":"open","ping_status":"open","sticky":false,"template":"","format":"standard","meta":{"footnotes":""},"categories":[31],"tags":[],"class_list":["post-5004","post","type-post","status-publish","format-standard","has-post-thumbnail","hentry","category-salud"],"_links":{"self":[{"href":"https:\/\/conurbanodiario.com.ar\/index.php?rest_route=\/wp\/v2\/posts\/5004","targetHints":{"allow":["GET"]}}],"collection":[{"href":"https:\/\/conurbanodiario.com.ar\/index.php?rest_route=\/wp\/v2\/posts"}],"about":[{"href":"https:\/\/conurbanodiario.com.ar\/index.php?rest_route=\/wp\/v2\/types\/post"}],"author":[{"embeddable":true,"href":"https:\/\/conurbanodiario.com.ar\/index.php?rest_route=\/wp\/v2\/users\/1"}],"replies":[{"embeddable":true,"href":"https:\/\/conurbanodiario.com.ar\/index.php?rest_route=%2Fwp%2Fv2%2Fcomments&post=5004"}],"version-history":[{"count":2,"href":"https:\/\/conurbanodiario.com.ar\/index.php?rest_route=\/wp\/v2\/posts\/5004\/revisions"}],"predecessor-version":[{"id":5007,"href":"https:\/\/conurbanodiario.com.ar\/index.php?rest_route=\/wp\/v2\/posts\/5004\/revisions\/5007"}],"wp:featuredmedia":[{"embeddable":true,"href":"https:\/\/conurbanodiario.com.ar\/index.php?rest_route=\/wp\/v2\/media\/59656"}],"wp:attachment":[{"href":"https:\/\/conurbanodiario.com.ar\/index.php?rest_route=%2Fwp%2Fv2%2Fmedia&parent=5004"}],"wp:term":[{"taxonomy":"category","embeddable":true,"href":"https:\/\/conurbanodiario.com.ar\/index.php?rest_route=%2Fwp%2Fv2%2Fcategories&post=5004"},{"taxonomy":"post_tag","embeddable":true,"href":"https:\/\/conurbanodiario.com.ar\/index.php?rest_route=%2Fwp%2Fv2%2Ftags&post=5004"}],"curies":[{"name":"wp","href":"https:\/\/api.w.org\/{rel}","templated":true}]}}