{"id":4995,"date":"2020-06-20T05:00:00","date_gmt":"2020-06-20T08:00:00","guid":{"rendered":"http:\/\/conurbanodiario.com.ar\/?p=4995"},"modified":"2020-08-26T01:51:05","modified_gmt":"2020-08-26T04:51:05","slug":"berazategui-la-oficina-de-licencias-de-conducir-retomara-la-atencion-al-publico","status":"publish","type":"post","link":"https:\/\/conurbanodiario.com.ar\/?p=4995","title":{"rendered":"BERAZATEGUI: LA OFICINA DE LICENCIAS DE CONDUCIR RETOMAR\u00c1 LA ATENCI\u00d3N AL P\u00daBLICO"},"content":{"rendered":"\n<p><strong>La Municipalidad de Berazategui informa que, a partir de este lunes 22 de junio, la Oficina de Licencias de Conducir -ubicada en calle 148 y 18 A- retomar\u00e1 la atenci\u00f3n al p\u00fablico para los tr\u00e1mites de renovaciones particulares y profesionales, duplicados y extrav\u00edos. Aquellas personas que lo requieran, deber\u00e1n solicitar turno comunic\u00e1ndose al 0800-999-2525\/0247, o a trav\u00e9s de la Web del Municipio:&nbsp;<a href=\"http:\/\/berazategui.gob.ar\/\" target=\"_blank\" rel=\"noreferrer noopener\">berazategui.gob.ar<\/a>.<\/strong><\/p>\n\n\n\n<p>\u201cGracias a las gestiones encabezadas por el intendente Juan Jos\u00e9 Mussi, la Subsecretar\u00eda de Transporte de la provincia de Buenos Aires nos ha habilitado para que a partir de este lunes podamos retomar la atenci\u00f3n al p\u00fablico, para realizar tr\u00e1mites de renovaciones particulares y profesionales, duplicados y extrav\u00edos\u201d, explic\u00f3 la Titular de la Direcci\u00f3n de Licencias de Conducir de Berazategui, Valeria Sbert.<\/p>\n\n\n\n<p>\u201cLa atenci\u00f3n se desarrollar\u00e1 de lunes a viernes, de 7.00 a 15.00, a trav\u00e9s de turnos programados. En principio, priorizaremos los tr\u00e1mites vencidos a partir del mes de febrero\u201d, agrega la funcionaria y aclara que \u201clas licencias se entregar\u00e1n en el mismo d\u00eda\u201d y que, por el momento, \u201cno se realizar\u00e1n ampliaciones ni carnets originales\u201d.<\/p>\n\n\n\n<p>Por otra parte, con el fin de evitar la propagaci\u00f3n del Coronavirus (COVID-19), la atenci\u00f3n al p\u00fablico de la Direcci\u00f3n de Licencias de Conducir de Berazategui se llevar\u00e1 adelante con las medidas de prevenci\u00f3n recomendadas por los especialistas y adoptadas por el Municipio. Es as\u00ed que, quienes concurran, deber\u00e1n hacerlo con el tapaboca obligatorio, se les proporcionar\u00e1 alcohol en gel y, al ingresar (de a uno y por turno), se les tomar\u00e1 la temperatura. &nbsp;<\/p>\n","protected":false},"excerpt":{"rendered":"<p>La Municipalidad de Berazategui informa que, a partir de este lunes 22 de junio, la&#8230;<\/p>\n","protected":false},"author":1,"featured_media":59656,"comment_status":"open","ping_status":"open","sticky":false,"template":"","format":"standard","meta":{"footnotes":""},"categories":[3],"tags":[],"class_list":["post-4995","post","type-post","status-publish","format-standard","has-post-thumbnail","hentry","category-informacion-general"],"_links":{"self":[{"href":"https:\/\/conurbanodiario.com.ar\/index.php?rest_route=\/wp\/v2\/posts\/4995","targetHints":{"allow":["GET"]}}],"collection":[{"href":"https:\/\/conurbanodiario.com.ar\/index.php?rest_route=\/wp\/v2\/posts"}],"about":[{"href":"https:\/\/conurbanodiario.com.ar\/index.php?rest_route=\/wp\/v2\/types\/post"}],"author":[{"embeddable":true,"href":"https:\/\/conurbanodiario.com.ar\/index.php?rest_route=\/wp\/v2\/users\/1"}],"replies":[{"embeddable":true,"href":"https:\/\/conurbanodiario.com.ar\/index.php?rest_route=%2Fwp%2Fv2%2Fcomments&post=4995"}],"version-history":[{"count":1,"href":"https:\/\/conurbanodiario.com.ar\/index.php?rest_route=\/wp\/v2\/posts\/4995\/revisions"}],"predecessor-version":[{"id":4997,"href":"https:\/\/conurbanodiario.com.ar\/index.php?rest_route=\/wp\/v2\/posts\/4995\/revisions\/4997"}],"wp:featuredmedia":[{"embeddable":true,"href":"https:\/\/conurbanodiario.com.ar\/index.php?rest_route=\/wp\/v2\/media\/59656"}],"wp:attachment":[{"href":"https:\/\/conurbanodiario.com.ar\/index.php?rest_route=%2Fwp%2Fv2%2Fmedia&parent=4995"}],"wp:term":[{"taxonomy":"category","embeddable":true,"href":"https:\/\/conurbanodiario.com.ar\/index.php?rest_route=%2Fwp%2Fv2%2Fcategories&post=4995"},{"taxonomy":"post_tag","embeddable":true,"href":"https:\/\/conurbanodiario.com.ar\/index.php?rest_route=%2Fwp%2Fv2%2Ftags&post=4995"}],"curies":[{"name":"wp","href":"https:\/\/api.w.org\/{rel}","templated":true}]}}