{"id":4989,"date":"2020-06-19T17:37:35","date_gmt":"2020-06-19T20:37:35","guid":{"rendered":"http:\/\/conurbanodiario.com.ar\/?p=4989"},"modified":"2020-06-19T17:37:36","modified_gmt":"2020-06-19T20:37:36","slug":"dia-de-la-bandera-conmemoracion-oficial-en-varela","status":"publish","type":"post","link":"https:\/\/conurbanodiario.com.ar\/?p=4989","title":{"rendered":"D\u00cdA DE LA BANDERA: CONMEMORACI\u00d3N OFICIAL EN VARELA"},"content":{"rendered":"\n<p>La situaci\u00f3n epidemiol\u00f3gica que ocasiona la pandemia por coronavirus no impedir\u00e1 recordar a Manuel Belgrano y reivindicar su labor patri\u00f3tica para conmemorar el bicentenario de su paso a la inmortalidad.<\/p>\n\n\n\n<p>En cumplimiento con todas las recomendaciones sanitarias vigentes para impedir la propagaci\u00f3n del Covid-19, el mandatario comunal -Andr\u00e9s Watson- protagonizar\u00e1 el acto oficial el s\u00e1bado 20 de junio a las 9:00 horas en el Monumento a la Bandera ubicado sobre la intersecci\u00f3n de la Avenida San Mart\u00edn con la calle 9 de Julio donde izar\u00e1 la insignia patria, creada por quien desarrollara un rol trascendental durante los a\u00f1os del proceso independentista de nuestro pa\u00eds.&nbsp;<\/p>\n\n\n\n<p>Adem\u00e1s, el jefe comunal participar\u00e1 del evento que planea la gobernaci\u00f3n provincial: interactuar\u00e1 a trav\u00e9s de una videoconferencia con la m\u00e1xima autoridad en la Provincia de Buenos Aires -Axel Kicillof-, alcaldes bonaerenses m\u00e1s estudiantes de cuarto a\u00f1o en el sistema educativo seleccionados por sorteo como representantes de sus distritos a partir de las 10:00 horas. Tendr\u00e1 transmisi\u00f3n en vivo y on- line mediante la cuenta de Youtube&nbsp;<em>Gobierno de la Provincia de Buenos Aires<\/em>.<\/p>\n\n\n\n<p>Adem\u00e1s de Watson, de nuestro distrito participar\u00e1n la estudiante varelense Huaranca Alaca Daysy, con su mam\u00e1, Alaca Mendez Lourdes, y la jefa distrital de educaci\u00f3n, Ver\u00f3nica Rodr\u00edguez.<\/p>\n\n\n\n<p>Cabe recordar que ma\u00f1ana tambi\u00e9n se cumple el segundo aniversario del primer izamiento de la bandera de Florencio Varela, creada con la participaci\u00f3n de la comunidad, especialmente del sistema educativo.<\/p>\n\n\n\n<p><em>Actividades pedag\u00f3gicas<\/em><\/p>\n\n\n\n<p>Durante la semana, Watson mantiene encuentros virtuales diarios con alumnos y alumnas de treinta escuelas primarias radicadas en distintos barrios varelenses donde conversan sobre la vida, obra m\u00e1s legado de Manuel Belgrano en un a\u00f1o especial trat\u00e1ndose tambi\u00e9n de recordarlo a 250 a\u00f1os de su natalicio.&nbsp;<\/p>\n\n\n\n<p>En ese contexto, el intendente valora el esfuerzo de todos los actores en el sistema educativo por su compromiso genuino para continuar con el aprendizaje a pesar de los contratiempos derivados del escenario sanitario. Posteriormente, ratifica su compromiso de efectuar la tradicional promesa a la bandera cuando el retorno a las aulas sea viable.&nbsp;<\/p>\n\n\n\n<p><em>Un pr\u00f3cer, dos aniversarios<\/em><\/p>\n\n\n\n<p>A 250 a\u00f1o de su nacimiento y a 200 de su muerte, el gobierno de Alberto Fern\u00e1ndez, a trav\u00e9s del&nbsp;<a href=\"https:\/\/www.boletinoficial.gob.ar\/detalleAviso\/primera\/224308\/20200103\" target=\"_blank\" rel=\"noreferrer noopener\">Decreto 2\/2020<\/a>, publicado en el Bolet\u00edn Oficial el 3 de enero, determina el 2020 como el \u201cA\u00f1o del General Manuel Belgrano\u201d para resaltar su destacada actuaci\u00f3n p\u00fablica en el proceso que condujo a la independencia de nuestro pa\u00eds en el marco de las luchas por la emancipaci\u00f3n sudamericana.&nbsp;<\/p>\n","protected":false},"excerpt":{"rendered":"<p>La situaci\u00f3n epidemiol\u00f3gica que ocasiona la pandemia por coronavirus no impedir\u00e1 recordar a Manuel Belgrano&#8230;<\/p>\n","protected":false},"author":1,"featured_media":59656,"comment_status":"open","ping_status":"open","sticky":false,"template":"","format":"standard","meta":{"footnotes":""},"categories":[27],"tags":[],"class_list":["post-4989","post","type-post","status-publish","format-standard","has-post-thumbnail","hentry","category-educacion"],"_links":{"self":[{"href":"https:\/\/conurbanodiario.com.ar\/index.php?rest_route=\/wp\/v2\/posts\/4989","targetHints":{"allow":["GET"]}}],"collection":[{"href":"https:\/\/conurbanodiario.com.ar\/index.php?rest_route=\/wp\/v2\/posts"}],"about":[{"href":"https:\/\/conurbanodiario.com.ar\/index.php?rest_route=\/wp\/v2\/types\/post"}],"author":[{"embeddable":true,"href":"https:\/\/conurbanodiario.com.ar\/index.php?rest_route=\/wp\/v2\/users\/1"}],"replies":[{"embeddable":true,"href":"https:\/\/conurbanodiario.com.ar\/index.php?rest_route=%2Fwp%2Fv2%2Fcomments&post=4989"}],"version-history":[{"count":1,"href":"https:\/\/conurbanodiario.com.ar\/index.php?rest_route=\/wp\/v2\/posts\/4989\/revisions"}],"predecessor-version":[{"id":4991,"href":"https:\/\/conurbanodiario.com.ar\/index.php?rest_route=\/wp\/v2\/posts\/4989\/revisions\/4991"}],"wp:featuredmedia":[{"embeddable":true,"href":"https:\/\/conurbanodiario.com.ar\/index.php?rest_route=\/wp\/v2\/media\/59656"}],"wp:attachment":[{"href":"https:\/\/conurbanodiario.com.ar\/index.php?rest_route=%2Fwp%2Fv2%2Fmedia&parent=4989"}],"wp:term":[{"taxonomy":"category","embeddable":true,"href":"https:\/\/conurbanodiario.com.ar\/index.php?rest_route=%2Fwp%2Fv2%2Fcategories&post=4989"},{"taxonomy":"post_tag","embeddable":true,"href":"https:\/\/conurbanodiario.com.ar\/index.php?rest_route=%2Fwp%2Fv2%2Ftags&post=4989"}],"curies":[{"name":"wp","href":"https:\/\/api.w.org\/{rel}","templated":true}]}}