{"id":4980,"date":"2020-06-19T11:37:31","date_gmt":"2020-06-19T14:37:31","guid":{"rendered":"http:\/\/conurbanodiario.com.ar\/?p=4980"},"modified":"2020-06-19T11:37:31","modified_gmt":"2020-06-19T14:37:31","slug":"concejales-opositores-solicitan-plan-de-seguridad-publica-en-quilmes","status":"publish","type":"post","link":"https:\/\/conurbanodiario.com.ar\/?p=4980","title":{"rendered":"CONCEJALES OPOSITORES SOLICITAN PLAN DE SEGURIDAD P\u00daBLICA EN QUILMES"},"content":{"rendered":"\n<p>En respuesta a los reclamos por la creciente cantidad de hechos de inseguridad que a diario suceden en todos los barrios de nuestro distrito, los Bloques Juntos por el Cambio Quilmes y GEN Progresista, presentaron al Honorable Concejo Deliberante, un pedido de informes sobre el \u201cPlan de Seguridad P\u00fablica Quilmes\u201d.<br>Teniendo en cuenta que la autoridad local, junto con Instituciones provinciales y nacionales, tienen la responsabilidad y competencia sobre la seguridad ciudadana, se solicita la aprobaci\u00f3n del pedido de informe presentado, ya que resulta perentorio conocer sobre la estrategia elaborada por el Ejecutivo para abordar la problem\u00e1tica de la inseguridad, fen\u00f3meno cada vez m\u00e1s presente en los grandes conglomerados urbanos, configurando un escenario donde los municipios se ven obligados a ejecutar programas de acci\u00f3n con el objetivo de prevenir actos delictivos contra los vecinos.<br>Los bloques opositores tambi\u00e9n pidieron ser informados sobre la cantidad de casos delictivos registrados en el primer semestre del a\u00f1o en curso, discriminando y cuantificando los sucesos por localidad y barrio y cu\u00e1les son los recursos econ\u00f3micos, humanos, tecnol\u00f3gicos y log\u00edsticos aportados por la provincia de Buenos Aires, destinados a la lucha contra la inseguridad en la ciudad.<\/p>\n","protected":false},"excerpt":{"rendered":"<p>En respuesta a los reclamos por la creciente cantidad de hechos de inseguridad que a&#8230;<\/p>\n","protected":false},"author":1,"featured_media":59656,"comment_status":"open","ping_status":"open","sticky":false,"template":"","format":"standard","meta":{"footnotes":""},"categories":[35],"tags":[],"class_list":["post-4980","post","type-post","status-publish","format-standard","has-post-thumbnail","hentry","category-politica"],"_links":{"self":[{"href":"https:\/\/conurbanodiario.com.ar\/index.php?rest_route=\/wp\/v2\/posts\/4980","targetHints":{"allow":["GET"]}}],"collection":[{"href":"https:\/\/conurbanodiario.com.ar\/index.php?rest_route=\/wp\/v2\/posts"}],"about":[{"href":"https:\/\/conurbanodiario.com.ar\/index.php?rest_route=\/wp\/v2\/types\/post"}],"author":[{"embeddable":true,"href":"https:\/\/conurbanodiario.com.ar\/index.php?rest_route=\/wp\/v2\/users\/1"}],"replies":[{"embeddable":true,"href":"https:\/\/conurbanodiario.com.ar\/index.php?rest_route=%2Fwp%2Fv2%2Fcomments&post=4980"}],"version-history":[{"count":1,"href":"https:\/\/conurbanodiario.com.ar\/index.php?rest_route=\/wp\/v2\/posts\/4980\/revisions"}],"predecessor-version":[{"id":4981,"href":"https:\/\/conurbanodiario.com.ar\/index.php?rest_route=\/wp\/v2\/posts\/4980\/revisions\/4981"}],"wp:featuredmedia":[{"embeddable":true,"href":"https:\/\/conurbanodiario.com.ar\/index.php?rest_route=\/wp\/v2\/media\/59656"}],"wp:attachment":[{"href":"https:\/\/conurbanodiario.com.ar\/index.php?rest_route=%2Fwp%2Fv2%2Fmedia&parent=4980"}],"wp:term":[{"taxonomy":"category","embeddable":true,"href":"https:\/\/conurbanodiario.com.ar\/index.php?rest_route=%2Fwp%2Fv2%2Fcategories&post=4980"},{"taxonomy":"post_tag","embeddable":true,"href":"https:\/\/conurbanodiario.com.ar\/index.php?rest_route=%2Fwp%2Fv2%2Ftags&post=4980"}],"curies":[{"name":"wp","href":"https:\/\/api.w.org\/{rel}","templated":true}]}}