{"id":4972,"date":"2020-06-20T05:06:00","date_gmt":"2020-06-20T08:06:00","guid":{"rendered":"http:\/\/conurbanodiario.com.ar\/?p=4972"},"modified":"2020-06-19T19:03:21","modified_gmt":"2020-06-19T22:03:21","slug":"consejos-basicos-para-prevenir-intoxicaciones-por-monoxido-de-carbono","status":"publish","type":"post","link":"https:\/\/conurbanodiario.com.ar\/?p=4972","title":{"rendered":"CONSEJOS B\u00c1SICOS PARA PREVENIR INTOXICACIONES POR MON\u00d3XIDO DE CARBONO"},"content":{"rendered":"\n<p>Ante la proximidad de una \u00e9poca con bajas temperaturas, frecuentes en este per\u00edodo del a\u00f1o, es indispensable extremar las medidas de seguridad respecto a los m\u00e9todos de calefacci\u00f3n empleados en los hogares para reducir cualquier posibilidad de accidente o intoxicaci\u00f3n.<\/p>\n\n\n\n<p>La contaminaci\u00f3n por inhalar mon\u00f3xido de carbono es una problem\u00e1tica habitual y afecta a muchas familias por tratarse de un gas inodoro, incoloro, ins\u00edpido, no irritante que se produce por la mala combusti\u00f3n del gas natural, la le\u00f1a, el carb\u00f3n o la nafta.<\/p>\n\n\n\n<p>Debido a las dificultades para detectarlo con facilidad mediante el olfato, resulta imprescindible adoptar medidas preventivas para evitar problemas en casa ocasionados por la presencia de la mencionada sustancia.<\/p>\n\n\n\n<p>Por ese motivo, el municipio inicia una campa\u00f1a para concienciar a la ciudadan\u00eda sobre la importancia de controlar peri\u00f3dicamente la vivienda y cumplir un c\u00famulo de recomendaciones esenciales que ofrece mediante su cartera sanitaria:&nbsp;<\/p>\n\n\n\n<p>*Mantener aireados los ambientes y ventilar cada habitaci\u00f3n de la vivienda<\/p>\n\n\n\n<p>*Revisar peri\u00f3dicamente artefactos como calefactores o estufas tanto el\u00e9ctricas como a gas para verificar su normal funcionamiento con un t\u00e9cnico id\u00f3neo<\/p>\n\n\n\n<p>*No dejar braseros, estufas ni otros artefactos para calefaccionar encendidos durante la noche<\/p>\n\n\n\n<p>*No instalar calefones en el ba\u00f1o ni en espacios cerrados<\/p>\n\n\n\n<p>*Utilizar sistemas con tiro balanceado<\/p>\n\n\n\n<p>*Revisar que el conducto de evacuaci\u00f3n al exterior no est\u00e9 obstruido, abollado o desconectado<\/p>\n\n\n\n<p>*Comprobar que la llama sea azul, silenciosa y estable. El color anaranjado es se\u00f1al de mal funcionamiento&nbsp;<\/p>\n\n\n\n<p>*No usar el horno u hornallas de la cocina para calentar el ambiente<\/p>\n\n\n\n<p>*No encender motores a combusti\u00f3n en cuartos cerrados, s\u00f3tanos o garajes<\/p>\n\n\n\n<p>*No mantener veh\u00edculos en funcionamiento cuando el garaje est\u00e1 cerrado<\/p>\n\n\n\n<p>Para mayor informaci\u00f3n, visitar <a href=\"http:\/\/varela.gob.ar\/calefaccionateseguro\" target=\"_blank\" rel=\"noreferrer noopener\">varela.gob.ar\/calefaccionateseguro<\/a><\/p>\n","protected":false},"excerpt":{"rendered":"<p>Ante la proximidad de una \u00e9poca con bajas temperaturas, frecuentes en este per\u00edodo del a\u00f1o,&#8230;<\/p>\n","protected":false},"author":1,"featured_media":59656,"comment_status":"open","ping_status":"open","sticky":false,"template":"","format":"standard","meta":{"footnotes":""},"categories":[3],"tags":[],"class_list":["post-4972","post","type-post","status-publish","format-standard","has-post-thumbnail","hentry","category-informacion-general"],"_links":{"self":[{"href":"https:\/\/conurbanodiario.com.ar\/index.php?rest_route=\/wp\/v2\/posts\/4972","targetHints":{"allow":["GET"]}}],"collection":[{"href":"https:\/\/conurbanodiario.com.ar\/index.php?rest_route=\/wp\/v2\/posts"}],"about":[{"href":"https:\/\/conurbanodiario.com.ar\/index.php?rest_route=\/wp\/v2\/types\/post"}],"author":[{"embeddable":true,"href":"https:\/\/conurbanodiario.com.ar\/index.php?rest_route=\/wp\/v2\/users\/1"}],"replies":[{"embeddable":true,"href":"https:\/\/conurbanodiario.com.ar\/index.php?rest_route=%2Fwp%2Fv2%2Fcomments&post=4972"}],"version-history":[{"count":1,"href":"https:\/\/conurbanodiario.com.ar\/index.php?rest_route=\/wp\/v2\/posts\/4972\/revisions"}],"predecessor-version":[{"id":4974,"href":"https:\/\/conurbanodiario.com.ar\/index.php?rest_route=\/wp\/v2\/posts\/4972\/revisions\/4974"}],"wp:featuredmedia":[{"embeddable":true,"href":"https:\/\/conurbanodiario.com.ar\/index.php?rest_route=\/wp\/v2\/media\/59656"}],"wp:attachment":[{"href":"https:\/\/conurbanodiario.com.ar\/index.php?rest_route=%2Fwp%2Fv2%2Fmedia&parent=4972"}],"wp:term":[{"taxonomy":"category","embeddable":true,"href":"https:\/\/conurbanodiario.com.ar\/index.php?rest_route=%2Fwp%2Fv2%2Fcategories&post=4972"},{"taxonomy":"post_tag","embeddable":true,"href":"https:\/\/conurbanodiario.com.ar\/index.php?rest_route=%2Fwp%2Fv2%2Ftags&post=4972"}],"curies":[{"name":"wp","href":"https:\/\/api.w.org\/{rel}","templated":true}]}}