{"id":4961,"date":"2020-06-19T03:00:00","date_gmt":"2020-06-19T06:00:00","guid":{"rendered":"http:\/\/conurbanodiario.com.ar\/?p=4961"},"modified":"2020-08-19T02:30:36","modified_gmt":"2020-08-19T05:30:36","slug":"vialidad-nacional-avanza-en-la-construccion-de-la-nueva-autopista-del-buen-ayre","status":"publish","type":"post","link":"https:\/\/conurbanodiario.com.ar\/?p=4961","title":{"rendered":"VIALIDAD NACIONAL AVANZA EN LA CONSTRUCCI\u00d3N DE LA NUEVA AUTOPISTA DEL BUEN AYRE"},"content":{"rendered":"\n<p>La construcci\u00f3n de la nueva autopista del Buen Ayre -que conectar\u00e1 a 12 municipios bonaerenses con la ruta 2, avanza a \u201cmuy buen ritmo\u201d tras la reactivaci\u00f3n de las obras en mayo pasado, asegur\u00f3 el titular de Vialidad Nacional, Gustavo Arrieta.<\/p>\n\n\n\n<p>Arrieta, junto a Alejandro Urdampilleta, subadministrador de Vialidad, recorri\u00f3 esta ma\u00f1ana varios tramos de la obra que se lleva a cabo en los partidos de La Matanza, Ezeiza, San Vicente y Presidente Per\u00f3n.<\/p>\n\n\n\n<p>La autopista, por la que circular\u00e1n m\u00e1s de 50.000 usuarios por d\u00eda cuando est\u00e9 concluida, es considerada como \u201cel proyecto de infraestructura vial m\u00e1s importante del \u00c1rea Metropolitana de Buenos Aires (AMBA)\u201d, inform\u00f3 Vialidad Nacional en un comunicado.<\/p>\n\n\n\n<p>La obra contempla la construcci\u00f3n de una autopista de 83 kil\u00f3metros que se convertir\u00e1 en el tercer anillo de circunvalaci\u00f3n del \u00e1rea metropolitana de la Ciudad de Buenos Aires (AMBA).<\/p>\n\n\n\n<p>El proyecto comenz\u00f3 en 2010 y beneficiar\u00e1 a m\u00e1s de 12 millones de habitantes que habitan las comunas por las que atravesar\u00e1 y otras \u00e1reas cercanas de comunicaci\u00f3n.<\/p>\n\n\n\n<p>\u201c&#8230; Pudimos observar los grandes avances que la extensi\u00f3n del Buen Ayre viene teniendo desde su reactivaci\u00f3n a principios de mayo. Est\u00e1 obra que revolucionar\u00e1 la conectividad en el AMBA es realidad gracias a la decisi\u00f3n del presidente Alberto Fern\u00e1ndez y el trabajo del ministro Gabriel Katopodis\u201d, dijo Arrieta.<\/p>\n\n\n\n<p>El proyecto afianzar\u00e1 la conexi\u00f3n entre el norte y el sur del Gran Buenos Aires y agilizar\u00e1 el traslado de m\u00e1s de 50.000 usuarios al d\u00eda.<\/p>\n\n\n\n<p>Adem\u00e1s, el nuevo corredor permitir\u00e1 ahorrar hasta una hora de viaje a las personas que viajen desde La Plata hasta Pilar o Mor\u00f3n y dinamizar\u00e1 la circulaci\u00f3n y el acceso al puerto de La Plata.<\/p>\n","protected":false},"excerpt":{"rendered":"<p>La construcci\u00f3n de la nueva autopista del Buen Ayre -que conectar\u00e1 a 12 municipios bonaerenses&#8230;<\/p>\n","protected":false},"author":1,"featured_media":59656,"comment_status":"open","ping_status":"open","sticky":false,"template":"","format":"standard","meta":{"footnotes":""},"categories":[28],"tags":[],"class_list":["post-4961","post","type-post","status-publish","format-standard","has-post-thumbnail","hentry","category-la-provincia"],"_links":{"self":[{"href":"https:\/\/conurbanodiario.com.ar\/index.php?rest_route=\/wp\/v2\/posts\/4961","targetHints":{"allow":["GET"]}}],"collection":[{"href":"https:\/\/conurbanodiario.com.ar\/index.php?rest_route=\/wp\/v2\/posts"}],"about":[{"href":"https:\/\/conurbanodiario.com.ar\/index.php?rest_route=\/wp\/v2\/types\/post"}],"author":[{"embeddable":true,"href":"https:\/\/conurbanodiario.com.ar\/index.php?rest_route=\/wp\/v2\/users\/1"}],"replies":[{"embeddable":true,"href":"https:\/\/conurbanodiario.com.ar\/index.php?rest_route=%2Fwp%2Fv2%2Fcomments&post=4961"}],"version-history":[{"count":1,"href":"https:\/\/conurbanodiario.com.ar\/index.php?rest_route=\/wp\/v2\/posts\/4961\/revisions"}],"predecessor-version":[{"id":4963,"href":"https:\/\/conurbanodiario.com.ar\/index.php?rest_route=\/wp\/v2\/posts\/4961\/revisions\/4963"}],"wp:featuredmedia":[{"embeddable":true,"href":"https:\/\/conurbanodiario.com.ar\/index.php?rest_route=\/wp\/v2\/media\/59656"}],"wp:attachment":[{"href":"https:\/\/conurbanodiario.com.ar\/index.php?rest_route=%2Fwp%2Fv2%2Fmedia&parent=4961"}],"wp:term":[{"taxonomy":"category","embeddable":true,"href":"https:\/\/conurbanodiario.com.ar\/index.php?rest_route=%2Fwp%2Fv2%2Fcategories&post=4961"},{"taxonomy":"post_tag","embeddable":true,"href":"https:\/\/conurbanodiario.com.ar\/index.php?rest_route=%2Fwp%2Fv2%2Ftags&post=4961"}],"curies":[{"name":"wp","href":"https:\/\/api.w.org\/{rel}","templated":true}]}}