{"id":4940,"date":"2020-06-19T06:00:00","date_gmt":"2020-06-19T09:00:00","guid":{"rendered":"http:\/\/conurbanodiario.com.ar\/?p=4940"},"modified":"2020-08-26T01:52:50","modified_gmt":"2020-08-26T04:52:50","slug":"covid-19-el-hospital-el-cruce-ganador-de-la-convocatoria-para-proyectos-de-investigacion-y-desarrollo-para-enfrentar-la-pandemia","status":"publish","type":"post","link":"https:\/\/conurbanodiario.com.ar\/?p=4940","title":{"rendered":"COVID-19: EL HOSPITAL EL CRUCE GANADOR DE LA CONVOCATORIA PARA PROYECTOS DE INVESTIGACI\u00d3N Y DESARROLLO PARA ENFRENTAR LA PANDEMIA"},"content":{"rendered":"\n<p>El Hospital El Cruce, a trav\u00e9s de la Unidad Ejecutora de Estudios en Neurociencias y Sistemas Complejos (ENyS) dirigido por la Dra. Silvia Kochen (Unidad ejecutora de triple dependencia HEC \u2013 CONICET y UNAJ, conjuntamente con los responsables de la Red Sudeste y la UNAJ, present\u00f3 una propuesta en la convocatoria del MINCyT para acciones dirigidas a intervenir en la pandemia. La misma promueve intervenciones de control y prevenci\u00f3n epidemiol\u00f3gica&nbsp;en la poblaci\u00f3n de la Regi\u00f3n Sudeste del Gran Buenos Aires afectada por la pandemia de COVID-19 y apunta a la implementaci\u00f3n de estrategias diagn\u00f3sticas y terap\u00e9uticas para la red de hospitales y centros de salud de la regi\u00f3n.<\/p>\n\n\n\n<p>La convocatoria se realiz\u00f3 en el marco del \u00abPrograma de Articulaci\u00f3n y Fortalecimiento Federal de las Capacidades en Ciencia y Tecnolog\u00eda COVID-19\u00bb del Ministerio de Ciencia, Tecnolog\u00eda e Innovaci\u00f3n de la Naci\u00f3n (MINCyT), fueron seleccionados 137 proyectos, entre un total de 541 presentados por instituciones de ciencia y tecnolog\u00eda de todo el pa\u00eds.<\/p>\n\n\n\n<p>La propuesta es el trabajo en Red entre todos los Centros de Salud de la regi\u00f3n sudeste. Intervienen las Secretar\u00edas de Salud Municipales de la red: Municipalidad de Florencio Varela, Quilmes, Almirante Brown y Berazategui e investigadores del Instituto del C\u00e1lculo de la Facultad de Ciencias Exactas de la UBA. Luego de un arduo trabajo de consensos y protocolizaci\u00f3n se arrib\u00f3 en tiempo r\u00e9cord a presentar una propuesta conjunta que permitir\u00e1 conocer en tiempo real y en forma colaborativa el estado de situaci\u00f3n del sistema de salud en cuanto al desarrollo de la pandemia en la regi\u00f3n. La misma se trata de una herramienta de gesti\u00f3n de la informaci\u00f3n que permite tomar decisiones y desarrollar estrategias a medida que se mueve la curva de casos sospechosos o confirmados en el sistema de salud. La herramienta se trata de un software que permite volcar informaci\u00f3n detallada sobre los casos que son detectados en los efectores de la red y visualizarlos en forma gr\u00e1fica en tres ventanas diferentes con informaci\u00f3n discriminada.<\/p>\n\n\n\n<p><strong>Antecedentes<\/strong><\/p>\n\n\n\n<p>La regi\u00f3n sudeste del Gran Buenos Aires que deriva los pacientes que requieren servicios de alta complejidad al Hospital El Cruce, debi\u00f3 reestructurarse de manera de trabajar como una \u00fanica unidad funcional. De tal manera, se dispuso que los seis hospitales provinciales que conforman la red desde la creaci\u00f3n del Hospital El Cruce, junto a los cuatro nuevos hospitales modulares ubicados en Florencio Varela, Quilmes, Almirante Brown y Lomas de Zamora funcionen en red, tanto a nivel de circulaci\u00f3n de pacientes como a nivel administrativo y log\u00edstico.<\/p>\n\n\n\n<p>En virtud de esta nueva situaci\u00f3n resulta imprescindible conocer en tiempo real la situaci\u00f3n de la ocupaci\u00f3n de camas de cada establecimiento de la red, con las caracter\u00edsticas particulares de cada paciente, a fin de hacer un uso eficiente de los recursos por parte de todos los actores involucrados.<\/p>\n\n\n\n<p>Justamente el proyecto desarrolla un sistema integrado de recolecci\u00f3n, organizaci\u00f3n y an\u00e1lisis de la informaci\u00f3n epidemiol\u00f3gica de pacientes del sudeste del Gran Buenos Aires que permita optimizar los recursos del sistema de salud en el diagn\u00f3stico precoz y en el tratamiento de la infecci\u00f3n por COVID-19.<\/p>\n\n\n\n<p>Esta herramienta permitir\u00e1 el ingreso de la informaci\u00f3n sobre disponibilidad de las camas de cada centro asistencial de la red.&nbsp;<em>\u201cNos planteamos en este proyecto incorporar la informaci\u00f3n que permita predecir el tipo de complejidad de internaci\u00f3n, los d\u00edas que deber\u00e1 permanecer un paciente internado, las opciones terap\u00e9uticas, la vigilancia epidemiol\u00f3gica del territorio del paciente. Como as\u00ed tambi\u00e9n, los datos demogr\u00e1ficos y cl\u00ednicos de cada sujeto para hacer el diagn\u00f3stico y decidir conductas terap\u00e9uticas personalizadas en forma inmediata\u201d,&nbsp;<\/em>explic\u00f3 la<strong><em>&nbsp;Dra. Silvia Kochen<\/em><\/strong>, coordinadora del Proyecto<strong><em>.<\/em><\/strong><\/p>\n\n\n\n<p>Este proyecto tendr\u00e1 un gran impacto en el sistema sanitario de la red sudeste&nbsp;<em>\u201cresulta necesario avanzar en la automatizaci\u00f3n del sistema de informaci\u00f3n, uno de los objetivos de este proyecto. Se incorporar\u00e1n herramientas geogr\u00e1ficas, tableros de gesti\u00f3n, as\u00ed como recursos estad\u00edsticos, en contextos de datos sensibles y requisitos de protecci\u00f3n de informaci\u00f3n personal. Por otra parte, los datos generados en forma permanente, brindar\u00e1n informaci\u00f3n esencial sobre la evoluci\u00f3n de la pandemia en nuestra regi\u00f3n. Constituy\u00e9ndose en un dispositivo fundamental de vigilancia epidemiol\u00f3gica, para organizar la respuesta del sistema de salud, gestionar&nbsp; recursos y planificar intervenciones, as\u00ed como para ser soporte de&nbsp; proyectos de investigaci\u00f3n\u201d,&nbsp;<\/em>subray\u00f3 el<em>&nbsp;<strong>Dr. Mart\u00edn Silberman<\/strong>.<\/em><\/p>\n\n\n\n<p>Los desarrollos que se alcancen para este problema en particular, podr\u00e1n ser adaptados y reutilizados para dise\u00f1ar herramientas de \u201csalas de situaci\u00f3n\u201d o de \u201csalas de riesgo\u201d para otros problemas de salud que existen en la regi\u00f3n, como dengue, tuberculosis, desnutrici\u00f3n, enfermedades cr\u00f3nicas, entre otros que pueden aparecer.<\/p>\n\n\n\n<p>El director Ejecutivo del Hospital El Cruce<em>,&nbsp;<\/em><strong>Dr. Ariel S\u00e1ez de Guinoa&nbsp;<\/strong>resalt\u00f3<em>&nbsp;\u201cgracias al trabajo en conjunto hemos logrado poder desarrollar un sistema que nos permita visualizar las camas en tiempo real la red sudeste en medio de la pandemia de COVID19. Aunque la idea es que esta herramienta de gesti\u00f3n se mantenga en el tiempo porque nos va a permitir informaci\u00f3n epidemiol\u00f3gica de la regi\u00f3n sexta y particularmente la red sudeste\u201d,&nbsp;<\/em>sostuvo.<\/p>\n","protected":false},"excerpt":{"rendered":"<p>El Hospital El Cruce, a trav\u00e9s de la Unidad Ejecutora de Estudios en Neurociencias y&#8230;<\/p>\n","protected":false},"author":1,"featured_media":59656,"comment_status":"open","ping_status":"open","sticky":false,"template":"","format":"standard","meta":{"footnotes":""},"categories":[31],"tags":[],"class_list":["post-4940","post","type-post","status-publish","format-standard","has-post-thumbnail","hentry","category-salud"],"_links":{"self":[{"href":"https:\/\/conurbanodiario.com.ar\/index.php?rest_route=\/wp\/v2\/posts\/4940","targetHints":{"allow":["GET"]}}],"collection":[{"href":"https:\/\/conurbanodiario.com.ar\/index.php?rest_route=\/wp\/v2\/posts"}],"about":[{"href":"https:\/\/conurbanodiario.com.ar\/index.php?rest_route=\/wp\/v2\/types\/post"}],"author":[{"embeddable":true,"href":"https:\/\/conurbanodiario.com.ar\/index.php?rest_route=\/wp\/v2\/users\/1"}],"replies":[{"embeddable":true,"href":"https:\/\/conurbanodiario.com.ar\/index.php?rest_route=%2Fwp%2Fv2%2Fcomments&post=4940"}],"version-history":[{"count":1,"href":"https:\/\/conurbanodiario.com.ar\/index.php?rest_route=\/wp\/v2\/posts\/4940\/revisions"}],"predecessor-version":[{"id":4942,"href":"https:\/\/conurbanodiario.com.ar\/index.php?rest_route=\/wp\/v2\/posts\/4940\/revisions\/4942"}],"wp:featuredmedia":[{"embeddable":true,"href":"https:\/\/conurbanodiario.com.ar\/index.php?rest_route=\/wp\/v2\/media\/59656"}],"wp:attachment":[{"href":"https:\/\/conurbanodiario.com.ar\/index.php?rest_route=%2Fwp%2Fv2%2Fmedia&parent=4940"}],"wp:term":[{"taxonomy":"category","embeddable":true,"href":"https:\/\/conurbanodiario.com.ar\/index.php?rest_route=%2Fwp%2Fv2%2Fcategories&post=4940"},{"taxonomy":"post_tag","embeddable":true,"href":"https:\/\/conurbanodiario.com.ar\/index.php?rest_route=%2Fwp%2Fv2%2Ftags&post=4940"}],"curies":[{"name":"wp","href":"https:\/\/api.w.org\/{rel}","templated":true}]}}