{"id":4937,"date":"2020-06-18T05:48:10","date_gmt":"2020-06-18T08:48:10","guid":{"rendered":"http:\/\/conurbanodiario.com.ar\/?p=4937"},"modified":"2020-06-18T05:48:11","modified_gmt":"2020-06-18T08:48:11","slug":"con-la-participacion-de-la-quilmena-nadia-muzyca-este-viernes-se-realizara-la-gala-danzar-por-la-paz","status":"publish","type":"post","link":"https:\/\/conurbanodiario.com.ar\/?p=4937","title":{"rendered":"CON LA PARTICIPACI\u00d3N DE LA QUILME\u00d1A NADIA MUZYCA, ESTE VIERNES SE REALIZAR\u00c1 LA GALA \u00abDANZAR POR LA PAZ\u00bb"},"content":{"rendered":"\n<p>Ma\u00f1ana viernes, se realizar\u00e1 la gala anual \u00abDanzar por la paz\u00bb que, a causa de la pandemia de coronavirus, en esta edici\u00f3n tendr\u00e1 formato virtual y volver\u00e1 a reunir a solistas argentinos de las m\u00e1s importantes compa\u00f1\u00edas as\u00ed como grupos independientes y ballets del pa\u00eds, que ofrecer\u00e1n sus interpretaciones a beneficio de Unicef.<\/p>\n\n\n\n<p>\u00abEl mundo de la danza se une para ayudar a los que m\u00e1s lo necesitan en un evento virtual con el objetivo de recaudar fondos para Unicef y presentar a importantes compa\u00f1\u00edas de nivel internacional, coronado por el estreno mundial de la obra \u00abCo.DANZA\u00bb, una pieza art\u00edstica \u00fanica en la que m\u00e1s de 27 destacados bailarines argentinos que trabajan en todo el mundo expresan, a trav\u00e9s del baile, el particular momento que estamos viviendo\u00bb, anunciaron los responsables de la actividad.<\/p>\n\n\n\n<p>Detr\u00e1s de la organizaci\u00f3n de este espect\u00e1culo, que ya es un cl\u00e1sico, se encuentra el bailar\u00edn y core\u00f3grafo Leonardo Reale, que despu\u00e9s de seis a\u00f1os ininterrumpidos de galas ben\u00e9ficas para colaborar con Unicef sigue sorprendi\u00e9ndose: \u00abNunca imagin\u00e9 que mi sue\u00f1o de crear un evento art\u00edstico llegar\u00e1 a convertirse en una gala internacional consolidada en la Argentina y que en poco tiempo traspas\u00f3 las fronteras present\u00e1ndose con mucho \u00e9xito en Chile, Estados Unidos y Brasil\u00bb, dijo a T\u00e9lam.<\/p>\n\n\n\n<p>Las presentaciones ya suman 14 ediciones, de las que participaron m\u00e1s de 129 compa\u00f1\u00edas y m\u00e1s de 1800 bailarines de la Argentina, Chile, Brasil, USA, M\u00e9xico, Venezuela, Cuba, Francia, Alemania y Brasil y siempre se organizaron para beneficiar con lo recaudado a Unicef Argentina, Unicef Chile, Unicef USA y Unicef Brasil.<\/p>\n\n\n\n<p>La pandemia y la cancelaci\u00f3n de los espect\u00e1culos con p\u00fablico, con todo, no ser\u00e1 obst\u00e1culo para seguir ayudando: \u00abEl momento que estamos atravesando es realmente especial, creo que nadie lo hubiese pensado ni imaginado, siento que es como estar en guerra, tratando de cuidarnos los unos a los otros para no perecer ninguna consecuencia\u00bb, explic\u00f3 Reale.<\/p>\n\n\n\n<p>Por eso, para el bailar\u00edn y core\u00f3grafo que es, adem\u00e1s, Embajador de la Paz designado por la ONU y el Consejo de Paz argentino, consider\u00f3 que \u00aben este punto la danza juega un papel importante, porque sus cabezas creativas y el empuje de sus trabajadores generan hechos art\u00edsticos desde sus casas, comparti\u00e9ndolos con el p\u00fablico de manera virtual para que sigan disfrutando y olvidarse por un momento de la situaci\u00f3n que estamos atravesando\u00bb.<\/p>\n\n\n\n<p>De eso se tratar\u00e1 este viernes, entonces, la gala que, como todos los a\u00f1os, ofrecer\u00e1 la presencia de las y los int\u00e9rpretes m\u00e1s destacados del panorama de la danza, entre los que se encuentra, en un listado breve, Cecilia Figaredo y Hern\u00e1n Piqu\u00edn que bailar\u00e1n el tango Naranjo en Flor; Luciana Paris, bailarina solista del American Ballet Theater, que interpretar\u00e1 junto al primer bailar\u00edn del Teatro Col\u00f3n Juan Pablo Ledo el pas de deux de Corsario; la Compa\u00f1\u00eda de Danza Pucar\u00e1 que representar\u00e1 el folclore argentino; y la danza contempor\u00e1nea con el magn\u00edfico Grupo Cadabra y el can\u00f3nico Ballet Contempor\u00e1neo del Teatro San Mart\u00edn.<\/p>\n\n\n\n<p>Sin embargo, habr\u00e1 algo nuevo y ser\u00e1 el estreno mundial de la obra \u00abCo.DANZA\u00bb, desarrollada durante la cuarentena desde la casa de los artistas: \u00abLa pieza se empez\u00f3 a gestar hace dos meses trabajando con Gabriel Olivera y Constanza Torres. Quisimos visualizar la situaci\u00f3n actual que afecta a los artistas y a la sociedad en general y se gui\u00f3 a los bailarines de manera remota en una l\u00ednea art\u00edstica y est\u00e9tica para que cada uno contara desde su movimiento y t\u00e9cnica personal el aislamiento\u00bb, se\u00f1al\u00f3 Reale a T\u00e9lam.<\/p>\n\n\n\n<p>Como se trata de una funci\u00f3n ben\u00e9fica, la gala se ver\u00e1 este viernes 19 de junio a las 20 en formato streaming y las entradas virtuales pueden comprarse en la plataforma tickethoy.com a partir de una donaci\u00f3n de cien pesos que ser\u00e1 destinado a Unicef.<\/p>\n\n\n\n<p>Desde su casa en Quilmes, en la zona sur del Gran Buenos Aires, la primera bailarina del Teatro Col\u00f3n Nadia Muzyca ser\u00e1 parte de \u00abDanzar por la Paz\u00bb: \u00abMe invitaron a ser parte de un v\u00eddeo que cuenta con m\u00fasica de Queen y nos ayudaron con unas pautas sobre c\u00f3mo poner la c\u00e1mara y hacer la grabaci\u00f3n\u00bb, cont\u00f3 la int\u00e9rprete a T\u00e9lam.<\/p>\n\n\n\n<p>\u00abGrabamos momentos con barbijo y otros sin, para reflejar de alguna manera lo que es el encierro de un bailar\u00edn en estos momentos de pandemia\u00bb, agreg\u00f3 Muzyca, que est\u00e1 entusiasmada por lo \u00abmucho que creci\u00f3 este evento\u00bb y trata de colaborar siempre que puede: \u00abSiempre trato de sumarme a los proyectos de mis compa\u00f1eros. Todo lo que pueda sumar, bienvenido sea\u00bb, agreg\u00f3.<\/p>\n\n\n\n<p>No es el \u00fanico aporte solidario de la primera bailarina ya que, en los \u00faltimos meses, se volvi\u00f3 una referencia entre cientos de j\u00f3venes aspirantes al mundo del ballet a trav\u00e9s de clases gratuitas que ofrece desde su cuenta de Instagram cada domingo.<\/p>\n\n\n\n<p>Tambi\u00e9n desde su departamento porte\u00f1o su compa\u00f1ero del Ballet Estable del Teatro Col\u00f3n Juan Pablo Ledo ser\u00e1 parte de \u00abDanzar por la paz\u00bb, a trav\u00e9s de una hermosa pieza compartida con la argentina Luciana Paris, solista del American Ballet Theater.<\/p>\n\n\n\n<p>Ledo tambi\u00e9n est\u00e1 experimentando nuevas maneras de bailar a la distancia pero en compa\u00f1\u00eda de otros y otras: \u00abPudimos conectarnos con muchas personas de otros pa\u00edses y con estudiantes con los que, a veces por la distancia o por los impedimentos econ\u00f3micos, uno no puede estar. Son espacios en donde me gustar\u00eda por lo menos dejar alg\u00fan sello, alg\u00fan mensaje, y esta red de alguna forma nos permite ser un canal de conexi\u00f3n\u00bb, dijo a T\u00e9lam el int\u00e9rprete.<\/p>\n","protected":false},"excerpt":{"rendered":"<p>Ma\u00f1ana viernes, se realizar\u00e1 la gala anual \u00abDanzar por la paz\u00bb que, a causa de&#8230;<\/p>\n","protected":false},"author":1,"featured_media":59656,"comment_status":"open","ping_status":"open","sticky":false,"template":"","format":"standard","meta":{"footnotes":""},"categories":[8],"tags":[],"class_list":["post-4937","post","type-post","status-publish","format-standard","has-post-thumbnail","hentry","category-cultura"],"_links":{"self":[{"href":"https:\/\/conurbanodiario.com.ar\/index.php?rest_route=\/wp\/v2\/posts\/4937","targetHints":{"allow":["GET"]}}],"collection":[{"href":"https:\/\/conurbanodiario.com.ar\/index.php?rest_route=\/wp\/v2\/posts"}],"about":[{"href":"https:\/\/conurbanodiario.com.ar\/index.php?rest_route=\/wp\/v2\/types\/post"}],"author":[{"embeddable":true,"href":"https:\/\/conurbanodiario.com.ar\/index.php?rest_route=\/wp\/v2\/users\/1"}],"replies":[{"embeddable":true,"href":"https:\/\/conurbanodiario.com.ar\/index.php?rest_route=%2Fwp%2Fv2%2Fcomments&post=4937"}],"version-history":[{"count":1,"href":"https:\/\/conurbanodiario.com.ar\/index.php?rest_route=\/wp\/v2\/posts\/4937\/revisions"}],"predecessor-version":[{"id":4939,"href":"https:\/\/conurbanodiario.com.ar\/index.php?rest_route=\/wp\/v2\/posts\/4937\/revisions\/4939"}],"wp:featuredmedia":[{"embeddable":true,"href":"https:\/\/conurbanodiario.com.ar\/index.php?rest_route=\/wp\/v2\/media\/59656"}],"wp:attachment":[{"href":"https:\/\/conurbanodiario.com.ar\/index.php?rest_route=%2Fwp%2Fv2%2Fmedia&parent=4937"}],"wp:term":[{"taxonomy":"category","embeddable":true,"href":"https:\/\/conurbanodiario.com.ar\/index.php?rest_route=%2Fwp%2Fv2%2Fcategories&post=4937"},{"taxonomy":"post_tag","embeddable":true,"href":"https:\/\/conurbanodiario.com.ar\/index.php?rest_route=%2Fwp%2Fv2%2Ftags&post=4937"}],"curies":[{"name":"wp","href":"https:\/\/api.w.org\/{rel}","templated":true}]}}