{"id":4931,"date":"2020-06-19T03:05:00","date_gmt":"2020-06-19T06:05:00","guid":{"rendered":"http:\/\/conurbanodiario.com.ar\/?p=4931"},"modified":"2020-06-18T05:14:30","modified_gmt":"2020-06-18T08:14:30","slug":"campana-solidaria-el-autombomba-estara-en-diversos-barrios-de-varela","status":"publish","type":"post","link":"https:\/\/conurbanodiario.com.ar\/?p=4931","title":{"rendered":"CAMPA\u00d1A SOLIDARIA: EL AUTOMBOMBA ESTAR\u00c1 EN DIVERSOS BARRIOS DE VARELA"},"content":{"rendered":"\n<p>La iniciativa que lleva adelante Varela Solidaria junto al Municipio, Bomberos Voluntarios y Centro de Veteranos de Malvinas sigue recorriendo los barrios del distrito. En la jornada de ma\u00f1ana jueves visitar\u00e1n La Curva, San Eduardo, La Sirena y Villa Aurora y General Belgrano, buscando ropa de abrigo, calzado y frazada. Todo lo recolectado luego de pasar por dos etapas de desinfecci\u00f3n, es clasificado para su posterior entrega entre aquellos vecinos que m\u00e1s lo necesitan.&nbsp;&nbsp;<\/p>\n\n\n\n<p>Con la llegada del invierno y de los d\u00edas m\u00e1s fr\u00edos, surge este proyecto de ayudar a quienes est\u00e1n pasando una mala situaci\u00f3n. Adem\u00e1s, son muchos los que aprovechando el mayor tiempo en casa, ordenaron sus placares y destinaron cosas para donar. Es por ello que a trav\u00e9s de esta campa\u00f1a se busca unir estas dos realidades, y canalizar de una manera organizada todas las donaciones.&nbsp;<\/p>\n\n\n\n<p>Es as\u00ed que desde el mi\u00e9rcoles 10, Bomberos Voluntarios junto a Defensa Civil recorren los distintos barrios varelenses, recolectando las donaciones. Los vecinos s\u00f3lo tienen que estar atentos, en el horario de 15 a 18hs, al sonido de la sirena, para salir de sus domicilios y acercarse a la autobomba. Vale recordar, hacerlo siempre manteniendo la distancia recomendada y con el tapaboca puesto, sin excepci\u00f3n.<\/p>\n\n\n\n<p>Las donaciones se est\u00e1n acopiando a modo de \u201cropero solidario\u201d en el Centro de Veteranos de Guerra H\u00e9roes de Malvinas de Florencio Varela, donde se clasifican los recursos por edad, talle y sexo, para luego llevarlos a lavaderos de ropa y asegurar as\u00ed su desinfecci\u00f3n antes de la entrega.&nbsp;<\/p>\n\n\n\n<p>Una vez que est\u00e9 todo listo para su distribuci\u00f3n, se acercar\u00e1 todo lo recolectado a los destinatarios que se designen oportunamente.<br>M\u00e1s informaci\u00f3n: <a href=\"http:\/\/www.varela.gov.ar\/VARELASOLIDARIA\/\" target=\"_blank\" rel=\"noreferrer noopener\">http:\/\/www.varela.gov.ar\/VARELASOLIDARIA\/<\/a><\/p>\n","protected":false},"excerpt":{"rendered":"<p>La iniciativa que lleva adelante Varela Solidaria junto al Municipio, Bomberos Voluntarios y Centro de&#8230;<\/p>\n","protected":false},"author":1,"featured_media":59656,"comment_status":"open","ping_status":"open","sticky":false,"template":"","format":"standard","meta":{"footnotes":""},"categories":[3],"tags":[],"class_list":["post-4931","post","type-post","status-publish","format-standard","has-post-thumbnail","hentry","category-informacion-general"],"_links":{"self":[{"href":"https:\/\/conurbanodiario.com.ar\/index.php?rest_route=\/wp\/v2\/posts\/4931","targetHints":{"allow":["GET"]}}],"collection":[{"href":"https:\/\/conurbanodiario.com.ar\/index.php?rest_route=\/wp\/v2\/posts"}],"about":[{"href":"https:\/\/conurbanodiario.com.ar\/index.php?rest_route=\/wp\/v2\/types\/post"}],"author":[{"embeddable":true,"href":"https:\/\/conurbanodiario.com.ar\/index.php?rest_route=\/wp\/v2\/users\/1"}],"replies":[{"embeddable":true,"href":"https:\/\/conurbanodiario.com.ar\/index.php?rest_route=%2Fwp%2Fv2%2Fcomments&post=4931"}],"version-history":[{"count":1,"href":"https:\/\/conurbanodiario.com.ar\/index.php?rest_route=\/wp\/v2\/posts\/4931\/revisions"}],"predecessor-version":[{"id":4933,"href":"https:\/\/conurbanodiario.com.ar\/index.php?rest_route=\/wp\/v2\/posts\/4931\/revisions\/4933"}],"wp:featuredmedia":[{"embeddable":true,"href":"https:\/\/conurbanodiario.com.ar\/index.php?rest_route=\/wp\/v2\/media\/59656"}],"wp:attachment":[{"href":"https:\/\/conurbanodiario.com.ar\/index.php?rest_route=%2Fwp%2Fv2%2Fmedia&parent=4931"}],"wp:term":[{"taxonomy":"category","embeddable":true,"href":"https:\/\/conurbanodiario.com.ar\/index.php?rest_route=%2Fwp%2Fv2%2Fcategories&post=4931"},{"taxonomy":"post_tag","embeddable":true,"href":"https:\/\/conurbanodiario.com.ar\/index.php?rest_route=%2Fwp%2Fv2%2Ftags&post=4931"}],"curies":[{"name":"wp","href":"https:\/\/api.w.org\/{rel}","templated":true}]}}