{"id":4928,"date":"2020-06-18T00:00:00","date_gmt":"2020-06-18T03:00:00","guid":{"rendered":"http:\/\/conurbanodiario.com.ar\/?p=4928"},"modified":"2020-06-22T20:41:22","modified_gmt":"2020-06-22T23:41:22","slug":"caducan-los-permisos-y-el-transporte-publico-se-habilita-solo-para-trabajadores-esenciales","status":"publish","type":"post","link":"https:\/\/conurbanodiario.com.ar\/?p=4928","title":{"rendered":"CADUCAN LOS PERMISOS Y EL TRANSPORTE P\u00daBLICO SE HABILITA S\u00d3LO PARA TRABAJADORES ESENCIALES"},"content":{"rendered":"\n<p>El presidente Alberto Fern\u00e1ndez anunci\u00f3 que a partir del viernes caducar\u00e1n todos los permisos vigentes de usuarios del transporte p\u00fablico para garantizar que s\u00f3lo viajen los trabajadores esenciales, y abog\u00f3 por restringir la circulaci\u00f3n en el \u00c1rea Metropolitana de Buenos Aires (AMBA) ante el aumento de casos de coronavirus.<\/p>\n\n\n\n<p>\u00abA partir de las 0 horas de ma\u00f1ana, solamente van a poder utilizar el transporte p\u00fablico los que sean trabajadores esenciales, y van a caducar los permisos en las aplicaciones\u00bb, anticip\u00f3 el mandatario.<\/p>\n\n\n\n<p>Si bien esta medida ya estaba en vigencia, el gobierno decidi\u00f3 que todos los usuarios que sean trabajadores esenciales vuelvan a tramitar sus permisos, para un mayor control debido al incremento de la circulaci\u00f3n entre el conurbano y la ciudad de Buenos Aires.<\/p>\n\n\n\n<p>Tras el anuncio, que tuvo como marco una entrevista por Telef\u00e9 Noticias, fuentes oficiales indicaron que hoy se informar\u00e1 c\u00f3mo se instrumentar\u00e1 el tr\u00e1mite para la revalidaci\u00f3n del permiso de los trabajadores esenciales.<\/p>\n\n\n\n<p>Fern\u00e1ndez sostuvo que acord\u00f3 esta medida junto al gobernador bonaerense, Axel Kicillof, y el vicejefe de Gobierno porte\u00f1o, Diego Santilli, durante la reuni\u00f3n que mantuvieron ayer en Olivos, donde los tres coincidieron en que \u00ablo que pasa en la Ciudad es exactamente igual a lo que pasa en la provincia de Buenos Aires\u00bb.<\/p>\n\n\n\n<p>El jefe de Estado justific\u00f3 esta decisi\u00f3n ante la necesidad de hacer \u00abentender\u00bb a la sociedad que \u00abla circulaci\u00f3n potencia el riesgo y el contagio\u00bb, adem\u00e1s de que \u00abla mayor preocupaci\u00f3n viene porque hay un mayor nivel de ocupaci\u00f3n de camas\u00bb en el sistema de salud por \u00abenfermedades propias del invierno\u00bb.<\/p>\n\n\n\n<p>\u00abEl 95 por ciento de coronavirus est\u00e1 concentrado en el AMBA, y cuando aument\u00f3 la circulaci\u00f3n, aumentaron los contagios\u00bb, enfatiz\u00f3 Fern\u00e1ndez durante una entrevista concedida al canal Telefe.<\/p>\n\n\n\n<p>El mandatario defini\u00f3 el encuentro en Olivos como \u00abmuy fruct\u00edfero\u00bb y asegur\u00f3 con iron\u00eda que \u00ablo que falta\u00bb entre los mandatarios de las tres jurisdicciones es \u00abtensi\u00f3n\u00bb, en respuesta a los medios que hablaban de tirantez en ese encuentro.<\/p>\n\n\n\n<p>El jefe de Gobierno porte\u00f1o, Horacio Rodr\u00edguez Larreta, no asisti\u00f3 a la reuni\u00f3n como medida de prevenci\u00f3n despu\u00e9s de haber compartido un almuerzo, la semana pasada, con la ex gobernadora bonaerense Mar\u00eda Eugenia Vidal, quien fue diagnosticada con coronavirus.<\/p>\n\n\n\n<p>Fern\u00e1ndez se\u00f1al\u00f3 que ante el crecimiento de los casos lo que queda es \u00abprotegernos y tratar de evitar el contacto humano\u00bb e insisti\u00f3 en que \u00aben la medida que podamos quedarnos en casa, es el mejor remedio\u00bb.<\/p>\n\n\n\n<p>Como parte de la medida que comenzar\u00e1 a regir el viernes, se reforzar\u00e1n a trav\u00e9s del Ministerio de Seguridad y las fuerzas de cada jurisdicci\u00f3n los controles para garantizar que solamente podr\u00e1n utilizar el transporte p\u00fablico los trabajadores esenciales, sin excepci\u00f3n.<\/p>\n\n\n\n<p>Al respecto, el Presidente rese\u00f1\u00f3 que \u00abhoy el virus circula en todos los barrios porte\u00f1os, ya no en los barrios de trabajadores\u00bb, por lo que resulta necesario \u00abbuscar el modo de que, al bajar el tr\u00e1nsito de gente, pueda bajar de vuelta el nivel de contagio\u00bb.<\/p>\n\n\n\n<p>En referencia al aumento de casos registrados en el AMBA, el Presidente expres\u00f3: \u00abQuer\u00edan salir a correr, salgan a correr; quer\u00edan salir a pasear, salgan a pasear; quer\u00edan abrir los locales de ropa, estas son las consecuencias\u00bb.<\/p>\n\n\n\n<p>\u00abMi compromiso \u00e9tico con los habitantes de Argentina es no abandonarlos, y cuidar su salud\u00bb, dijo y a\u00f1adi\u00f3: \u00abCuando veo que las camas se ocupan de este modo, digo que prestemos atenci\u00f3n a lo que estamos haciendo, porque algo no estamos haciendo bien\u00bb.<\/p>\n\n\n\n<p>Fern\u00e1ndez plante\u00f3 adem\u00e1s que pese a que el pa\u00eds vive un momento econ\u00f3mico \u00abmuy traum\u00e1tico\u00bb, si no se toman medidas para restringir la circulaci\u00f3n \u00abla vida de muchos argentinos corren riesgo, y no quiero hacerme el distra\u00eddo\u00bb, subray\u00f3.<\/p>\n\n\n\n<p>\u00abLos que le prestaron atenci\u00f3n a la econom\u00eda, ah\u00ed los tienen. Miren al lado: 46 mil muertos en Brasil\u00bb, ejemplific\u00f3.<\/p>\n\n\n\n<p>Adem\u00e1s, adelant\u00f3 que junto a Kicillof y Santilli acordaron que hoy se reunir\u00e1n los ministros de Salud de las tres jurisdicciones para fijar un \u00abcriterio l\u00edmite\u00bb respecto de \u00abhasta d\u00f3nde puede aguantar este riesgo sin que se profundice la cuarentena\u00bb, que actualmente rige hasta el 28 de junio.<\/p>\n\n\n\n<p>\u00abLe ped\u00ed a Larreta y Santilli que veamos la posibilidad de controlar mejor las salidas que ellos han permitido, y buscar un mecanismo para que se salga menos\u00bb, apunt\u00f3, en referencia a actividades recreativas que estaban permitidas en la Ciudad, como el running.<\/p>\n\n\n\n<p>Sobre ese punto, indic\u00f3 que solicit\u00f3 a ambas jurisdicciones \u00abtener en cuenta dos par\u00e1metros\u00bb para tomar decisiones, en referencia a \u00abla velocidad del contagio, que en la Ciudad est\u00e1 en alrededor de los 16 d\u00edas de duplicaci\u00f3n, y en el Gran Buenos Aires en 15, y la ocupaci\u00f3n de camas\u00bb del sistema de salud.<\/p>\n","protected":false},"excerpt":{"rendered":"<p>El presidente Alberto Fern\u00e1ndez anunci\u00f3 que a partir del viernes caducar\u00e1n todos los permisos vigentes&#8230;<\/p>\n","protected":false},"author":1,"featured_media":59656,"comment_status":"open","ping_status":"open","sticky":false,"template":"","format":"standard","meta":{"footnotes":""},"categories":[5],"tags":[],"class_list":["post-4928","post","type-post","status-publish","format-standard","has-post-thumbnail","hentry","category-el-pais"],"_links":{"self":[{"href":"https:\/\/conurbanodiario.com.ar\/index.php?rest_route=\/wp\/v2\/posts\/4928","targetHints":{"allow":["GET"]}}],"collection":[{"href":"https:\/\/conurbanodiario.com.ar\/index.php?rest_route=\/wp\/v2\/posts"}],"about":[{"href":"https:\/\/conurbanodiario.com.ar\/index.php?rest_route=\/wp\/v2\/types\/post"}],"author":[{"embeddable":true,"href":"https:\/\/conurbanodiario.com.ar\/index.php?rest_route=\/wp\/v2\/users\/1"}],"replies":[{"embeddable":true,"href":"https:\/\/conurbanodiario.com.ar\/index.php?rest_route=%2Fwp%2Fv2%2Fcomments&post=4928"}],"version-history":[{"count":1,"href":"https:\/\/conurbanodiario.com.ar\/index.php?rest_route=\/wp\/v2\/posts\/4928\/revisions"}],"predecessor-version":[{"id":4930,"href":"https:\/\/conurbanodiario.com.ar\/index.php?rest_route=\/wp\/v2\/posts\/4928\/revisions\/4930"}],"wp:featuredmedia":[{"embeddable":true,"href":"https:\/\/conurbanodiario.com.ar\/index.php?rest_route=\/wp\/v2\/media\/59656"}],"wp:attachment":[{"href":"https:\/\/conurbanodiario.com.ar\/index.php?rest_route=%2Fwp%2Fv2%2Fmedia&parent=4928"}],"wp:term":[{"taxonomy":"category","embeddable":true,"href":"https:\/\/conurbanodiario.com.ar\/index.php?rest_route=%2Fwp%2Fv2%2Fcategories&post=4928"},{"taxonomy":"post_tag","embeddable":true,"href":"https:\/\/conurbanodiario.com.ar\/index.php?rest_route=%2Fwp%2Fv2%2Ftags&post=4928"}],"curies":[{"name":"wp","href":"https:\/\/api.w.org\/{rel}","templated":true}]}}