{"id":4922,"date":"2020-06-19T03:07:00","date_gmt":"2020-06-19T06:07:00","guid":{"rendered":"http:\/\/conurbanodiario.com.ar\/?p=4922"},"modified":"2020-06-18T05:08:39","modified_gmt":"2020-06-18T08:08:39","slug":"docentes-portenos-realizaran-el-lunes-apagon-virtual-en-demanda-del-pago-total-del-aguinaldo","status":"publish","type":"post","link":"https:\/\/conurbanodiario.com.ar\/?p=4922","title":{"rendered":"DOCENTES PORTE\u00d1OS REALIZAR\u00c1N EL LUNES APAG\u00d3N VIRTUAL EN DEMANDA DEL PAGO TOTAL DEL AGUINALDO"},"content":{"rendered":"\n<p>La filial porte\u00f1a de la Uni\u00f3n Docentes Argentinos (UDA) realizar\u00e1 el lunes pr\u00f3ximo en el distrito \u00abun apag\u00f3n virtual\u00bb en protesta por el pago desdoblado o en cuotas del sueldo anual complementario (SAC) al personal del sector.<\/p>\n\n\n\n<p>\u00abAnte el anuncio de las autoridades metropolitanas en el sentido de que el medio aguinaldo de junio se abonar\u00e1 en cuotas, la seccional porte\u00f1a del gremio realizar\u00e1 medidas de fuerza el lunes pr\u00f3ximo\u00bb, confirm\u00f3 el gremio a trav\u00e9s de un comunicado.<\/p>\n\n\n\n<p>El secretario general de la organizaci\u00f3n, Norberto Cabanas, se\u00f1al\u00f3 hoy que la decisi\u00f3n del gobierno de Horacio Rodr\u00edguez Larreta afecta seriamente a los docentes que desde hace tres meses realizan sus tareas desde el domicilio de manera virtual y con exceso de horas laborales, puntualiz\u00f3 el dirigente.<\/p>\n\n\n\n<p>Tambi\u00e9n enfatiz\u00f3 que esas tareas se cumplen en ausencia de condiciones de infraestructura necesarias, utilizando recursos tecnol\u00f3gicos personales para sostener la relaci\u00f3n docente-alumno, abonando gastos del bolsillo propio para el consumo de datos m\u00f3viles, electricidad e internet con \u00abun gran esfuerzo\u201d<\/p>\n\n\n\n<p>Cabanas confirm\u00f3 que la filial gremial realizar\u00e1 medidas de acci\u00f3n directa el lunes pr\u00f3ximo, entre las cuales incluy\u00f3 \u00abun apag\u00f3n virtual\u00bb -cese del dictado de clases- en demanda del pago total del medio aguinaldo en tiempo y forma.<\/p>\n","protected":false},"excerpt":{"rendered":"<p>La filial porte\u00f1a de la Uni\u00f3n Docentes Argentinos (UDA) realizar\u00e1 el lunes pr\u00f3ximo en el&#8230;<\/p>\n","protected":false},"author":1,"featured_media":59656,"comment_status":"open","ping_status":"open","sticky":false,"template":"","format":"standard","meta":{"footnotes":""},"categories":[5],"tags":[],"class_list":["post-4922","post","type-post","status-publish","format-standard","has-post-thumbnail","hentry","category-el-pais"],"_links":{"self":[{"href":"https:\/\/conurbanodiario.com.ar\/index.php?rest_route=\/wp\/v2\/posts\/4922","targetHints":{"allow":["GET"]}}],"collection":[{"href":"https:\/\/conurbanodiario.com.ar\/index.php?rest_route=\/wp\/v2\/posts"}],"about":[{"href":"https:\/\/conurbanodiario.com.ar\/index.php?rest_route=\/wp\/v2\/types\/post"}],"author":[{"embeddable":true,"href":"https:\/\/conurbanodiario.com.ar\/index.php?rest_route=\/wp\/v2\/users\/1"}],"replies":[{"embeddable":true,"href":"https:\/\/conurbanodiario.com.ar\/index.php?rest_route=%2Fwp%2Fv2%2Fcomments&post=4922"}],"version-history":[{"count":1,"href":"https:\/\/conurbanodiario.com.ar\/index.php?rest_route=\/wp\/v2\/posts\/4922\/revisions"}],"predecessor-version":[{"id":4924,"href":"https:\/\/conurbanodiario.com.ar\/index.php?rest_route=\/wp\/v2\/posts\/4922\/revisions\/4924"}],"wp:featuredmedia":[{"embeddable":true,"href":"https:\/\/conurbanodiario.com.ar\/index.php?rest_route=\/wp\/v2\/media\/59656"}],"wp:attachment":[{"href":"https:\/\/conurbanodiario.com.ar\/index.php?rest_route=%2Fwp%2Fv2%2Fmedia&parent=4922"}],"wp:term":[{"taxonomy":"category","embeddable":true,"href":"https:\/\/conurbanodiario.com.ar\/index.php?rest_route=%2Fwp%2Fv2%2Fcategories&post=4922"},{"taxonomy":"post_tag","embeddable":true,"href":"https:\/\/conurbanodiario.com.ar\/index.php?rest_route=%2Fwp%2Fv2%2Ftags&post=4922"}],"curies":[{"name":"wp","href":"https:\/\/api.w.org\/{rel}","templated":true}]}}