{"id":4919,"date":"2020-06-18T04:28:32","date_gmt":"2020-06-18T07:28:32","guid":{"rendered":"http:\/\/conurbanodiario.com.ar\/?p=4919"},"modified":"2020-06-18T04:28:33","modified_gmt":"2020-06-18T07:28:33","slug":"camara-de-seguridad-colabora-en-detencion-por-transgredir-el-aspo","status":"publish","type":"post","link":"https:\/\/conurbanodiario.com.ar\/?p=4919","title":{"rendered":"C\u00c1MARA DE SEGURIDAD COLABORA EN DETENCI\u00d3N POR TRANSGREDIR EL ASPO"},"content":{"rendered":"\n<p>A trav\u00e9s de uno de los dispositivos de seguridad instalados en los \u00faltimos d\u00edas, el Centro de Monitoreo municipal pudo visualizar e intervenir r\u00e1pidamente por un grupo de sujetos que se encontraba en la v\u00eda p\u00fablica, violando las normas de aislamiento vigentes.<\/p>\n\n\n\n<p>El domo recientemente colocado en Lavalle y Fonrouge permiti\u00f3 un inmediato accionar con la aprehensi\u00f3n de siete personas, en base al art\u00edculo 205 del C\u00f3digo Penal. Dicha normativa indica la prohibici\u00f3n de violar las medidas adoptadas por las autoridades competentes para impedir la introducci\u00f3n o propagaci\u00f3n de una epidemia.<\/p>\n\n\n\n<p>Ante la alerta emitida por el Centro de Protecci\u00f3n Ciudadana, acude de inmediato al lugar, Guardia Comunal y personal policial, que proceden a identificar a los sujetos y trasladarlos a Comisar\u00eda Primera.<\/p>\n","protected":false},"excerpt":{"rendered":"<p>A trav\u00e9s de uno de los dispositivos de seguridad instalados en los \u00faltimos d\u00edas, el&#8230;<\/p>\n","protected":false},"author":1,"featured_media":59656,"comment_status":"open","ping_status":"open","sticky":false,"template":"","format":"standard","meta":{"footnotes":""},"categories":[10],"tags":[],"class_list":["post-4919","post","type-post","status-publish","format-standard","has-post-thumbnail","hentry","category-seguridad"],"_links":{"self":[{"href":"https:\/\/conurbanodiario.com.ar\/index.php?rest_route=\/wp\/v2\/posts\/4919","targetHints":{"allow":["GET"]}}],"collection":[{"href":"https:\/\/conurbanodiario.com.ar\/index.php?rest_route=\/wp\/v2\/posts"}],"about":[{"href":"https:\/\/conurbanodiario.com.ar\/index.php?rest_route=\/wp\/v2\/types\/post"}],"author":[{"embeddable":true,"href":"https:\/\/conurbanodiario.com.ar\/index.php?rest_route=\/wp\/v2\/users\/1"}],"replies":[{"embeddable":true,"href":"https:\/\/conurbanodiario.com.ar\/index.php?rest_route=%2Fwp%2Fv2%2Fcomments&post=4919"}],"version-history":[{"count":1,"href":"https:\/\/conurbanodiario.com.ar\/index.php?rest_route=\/wp\/v2\/posts\/4919\/revisions"}],"predecessor-version":[{"id":4921,"href":"https:\/\/conurbanodiario.com.ar\/index.php?rest_route=\/wp\/v2\/posts\/4919\/revisions\/4921"}],"wp:featuredmedia":[{"embeddable":true,"href":"https:\/\/conurbanodiario.com.ar\/index.php?rest_route=\/wp\/v2\/media\/59656"}],"wp:attachment":[{"href":"https:\/\/conurbanodiario.com.ar\/index.php?rest_route=%2Fwp%2Fv2%2Fmedia&parent=4919"}],"wp:term":[{"taxonomy":"category","embeddable":true,"href":"https:\/\/conurbanodiario.com.ar\/index.php?rest_route=%2Fwp%2Fv2%2Fcategories&post=4919"},{"taxonomy":"post_tag","embeddable":true,"href":"https:\/\/conurbanodiario.com.ar\/index.php?rest_route=%2Fwp%2Fv2%2Ftags&post=4919"}],"curies":[{"name":"wp","href":"https:\/\/api.w.org\/{rel}","templated":true}]}}